{"id":4735,"date":"2026-02-16T07:16:20","date_gmt":"2026-02-16T11:16:20","guid":{"rendered":"https:\/\/diarionews.com.br\/?p=4735"},"modified":"2026-04-01T15:15:14","modified_gmt":"2026-04-01T19:15:14","slug":"extorsao-mobiliza-8o-bpm-em-alta-floresta","status":"publish","type":"post","link":"https:\/\/diarionews.com.br\/?p=4735","title":{"rendered":"Empres\u00e1rio cai em golpe de falso faccionado em Alta Floresta"},"content":{"rendered":"\n<p>Um caso de estelionato foi registrado na manh\u00e3 deste s\u00e1bado, 15 de fevereiro de 2026, em Alta Floresta, conforme informa\u00e7\u00f5es do 8\u00ba Batalh\u00e3o da Pol\u00edcia Militar, vinculado ao 9\u00ba Comando Regional. A ocorr\u00eancia foi registrada por volta das 10h, no bairro Jardim das Flores, ap\u00f3s a v\u00edtima, um homem de 53 anos, procurar o COPOM para relatar que havia sido alvo de uma tentativa de extors\u00e3o por telefone.<\/p>\n\n\n\n<p>De acordo com o boletim, a v\u00edtima informou que recebeu liga\u00e7\u00e3o de um homem que se identificou como integrante da fac\u00e7\u00e3o criminosa Comando Vermelho. Durante a conversa, o suspeito afirmou que a v\u00edtima era empres\u00e1rio e passou a exigir o pagamento mensal de R$ 30 mil, valor que seria referente \u00e0 empresa, al\u00e9m de cobran\u00e7as adicionais por fam\u00edlia e por pessoa. Diante da negativa da v\u00edtima, que afirmou n\u00e3o possuir tal quantia, o suspeito reduziu o valor exigido para R$ 2 mil.<\/p>\n\n\n\n<p>A v\u00edtima ent\u00e3o prop\u00f4s que o pagamento fosse feito em duas parcelas, o que foi aceito pelo suspeito. Foram realizadas duas transfer\u00eancias via Pix para uma chave CPF vinculada a uma institui\u00e7\u00e3o financeira, nos valores de R$ 995,77 e R$ 996,00. Posteriormente, o suspeito voltou a entrar em contato, alegando que o valor era insuficiente e passou a exigir R$ 5 mil. A v\u00edtima respondeu que n\u00e3o possu\u00eda o montante e informou que estava se deslocando at\u00e9 o quartel da Pol\u00edcia Militar.<\/p>\n\n\n\n<p>Ao chegar \u00e0 unidade do 8\u00ba BPM, em Alta Floresta, a liga\u00e7\u00e3o foi encerrada. No local, os policiais informaram \u00e0 v\u00edtima que se tratava de um golpe. Diante dos fatos, foi registrado boletim de ocorr\u00eancia para encaminhamento \u00e0 autoridade policial competente, que dever\u00e1 adotar as provid\u00eancias cab\u00edveis.<\/p>\n","protected":false},"excerpt":{"rendered":"<p>Um caso de estelionato foi registrado na manh\u00e3 deste s\u00e1bado, 15 de fevereiro de 2026, em Alta Floresta, conforme informa\u00e7\u00f5es do 8\u00ba Batalh\u00e3o da Pol\u00edcia Militar, vinculado ao 9\u00ba Comando Regional. A ocorr\u00eancia foi registrada por volta das 10h, no bairro Jardim das Flores, ap\u00f3s a v\u00edtima, um homem de 53 anos, procurar o COPOM [&hellip;]<\/p>\n","protected":false},"author":3,"featured_media":2883,"comment_status":"open","ping_status":"open","sticky":false,"template":"","format":"standard","meta":{"footnotes":""},"categories":[14],"tags":[89,900,956],"class_list":["post-4735","post","type-post","status-publish","format-standard","has-post-thumbnail","hentry","category-policia","tag-altafloresta","tag-golpe","tag-importante"],"_links":{"self":[{"href":"https:\/\/diarionews.com.br\/index.php?rest_route=\/wp\/v2\/posts\/4735","targetHints":{"allow":["GET"]}}],"collection":[{"href":"https:\/\/diarionews.com.br\/index.php?rest_route=\/wp\/v2\/posts"}],"about":[{"href":"https:\/\/diarionews.com.br\/index.php?rest_route=\/wp\/v2\/types\/post"}],"author":[{"embeddable":true,"href":"https:\/\/diarionews.com.br\/index.php?rest_route=\/wp\/v2\/users\/3"}],"replies":[{"embeddable":true,"href":"https:\/\/diarionews.com.br\/index.php?rest_route=%2Fwp%2Fv2%2Fcomments&post=4735"}],"version-history":[{"count":2,"href":"https:\/\/diarionews.com.br\/index.php?rest_route=\/wp\/v2\/posts\/4735\/revisions"}],"predecessor-version":[{"id":4737,"href":"https:\/\/diarionews.com.br\/index.php?rest_route=\/wp\/v2\/posts\/4735\/revisions\/4737"}],"wp:featuredmedia":[{"embeddable":true,"href":"https:\/\/diarionews.com.br\/index.php?rest_route=\/wp\/v2\/media\/2883"}],"wp:attachment":[{"href":"https:\/\/diarionews.com.br\/index.php?rest_route=%2Fwp%2Fv2%2Fmedia&parent=4735"}],"wp:term":[{"taxonomy":"category","embeddable":true,"href":"https:\/\/diarionews.com.br\/index.php?rest_route=%2Fwp%2Fv2%2Fcategories&post=4735"},{"taxonomy":"post_tag","embeddable":true,"href":"https:\/\/diarionews.com.br\/index.php?rest_route=%2Fwp%2Fv2%2Ftags&post=4735"}],"curies":[{"name":"wp","href":"https:\/\/api.w.org\/{rel}","templated":true}]}}