{"id":4693,"date":"2026-02-15T20:27:00","date_gmt":"2026-02-16T00:27:00","guid":{"rendered":"https:\/\/diarionews.com.br\/?p=4693"},"modified":"2026-04-01T15:36:16","modified_gmt":"2026-04-01T19:36:16","slug":"comissao-de-meio-ambiente-e-impedida-de-vistoriar-minas-da-vale","status":"publish","type":"post","link":"https:\/\/diarionews.com.br\/?p=4693","title":{"rendered":"Comiss\u00e3o de Meio Ambiente \u00e9 impedida de vistoriar minas da Vale"},"content":{"rendered":"\n<p>A Comiss\u00e3o de Meio Ambiente e Desenvolvimento Sustent\u00e1vel da Assembleia Legislativa de Minas Gerais foi impedida de acessar duas minas da mineradora Vale S.A. nas cidades de Congonhas e Ouro Preto, durante visita prevista para o dia 13 de fevereiro de 2026. A inten\u00e7\u00e3o era verificar as condi\u00e7\u00f5es de seguran\u00e7a das estruturas, diante dos extravasamentos de rejeitos ocorridos em janeiro, e avaliar riscos ao meio ambiente e \u00e0s comunidades pr\u00f3ximas.<\/p>\n\n\n\n<p>A empresa informou que as visitas precisavam ser adiadas para o dia 20 de fevereiro, alegando que seriam necess\u00e1rias adequa\u00e7\u00f5es nas \u00e1reas antes de receber os parlamentares, especialmente para garantir a seguran\u00e7a da equipe t\u00e9cnica que iria acompanhar a fiscaliza\u00e7\u00e3o. A Vale afirmou ainda que prop\u00f4s formalmente a nova data, e destacou a import\u00e2ncia de que t\u00e9cnicos capacitados estivessem presentes.<\/p>\n\n\n\n<p>Contrariada com a decis\u00e3o da mineradora, a deputada Beatriz Cerqueira, que requisitou a visita, disse que a empresa tinha ci\u00eancia da programa\u00e7\u00e3o desde o in\u00edcio da semana e que vinha tentando impedir o acesso dos legisladores desde a quarta\u2011feira anterior. Ela afirmou que, ap\u00f3s incidentes graves envolvendo atividades miner\u00e1rias no estado, a Vale deveria demonstrar mais aten\u00e7\u00e3o com o tema e receber os \u00f3rg\u00e3os de fiscaliza\u00e7\u00e3o.<\/p>\n\n\n\n<p>Moradores impactados pela atividade miner\u00e1ria e lideran\u00e7as ambientais tamb\u00e9m foram barrados pela Vale no local, o que gerou insatisfa\u00e7\u00e3o entre comunidades e representantes sociais. Um dos moradores relatou que no momento do derramamento de rejeitos ele n\u00e3o foi alertado de imediato, gerando d\u00favida sobre a situa\u00e7\u00e3o e inseguran\u00e7a sobre poss\u00edveis novos rompimentos. A Comiss\u00e3o da Assembleia afirmou que seguir\u00e1 com o trabalho de fiscaliza\u00e7\u00e3o, questionando a legalidade da empresa em determinar quando o Poder Legislativo pode realizar sua fun\u00e7\u00e3o de fiscaliza\u00e7\u00e3o.<\/p>\n","protected":false},"excerpt":{"rendered":"<p>A Comiss\u00e3o de Meio Ambiente e Desenvolvimento Sustent\u00e1vel da Assembleia Legislativa de Minas Gerais foi impedida de acessar duas minas da mineradora Vale S.A. nas cidades de Congonhas e Ouro Preto, durante visita prevista para o dia 13 de fevereiro de 2026. A inten\u00e7\u00e3o era verificar as condi\u00e7\u00f5es de seguran\u00e7a das estruturas, diante dos extravasamentos [&hellip;]<\/p>\n","protected":false},"author":3,"featured_media":4694,"comment_status":"open","ping_status":"open","sticky":false,"template":"","format":"standard","meta":{"footnotes":""},"categories":[22],"tags":[],"class_list":["post-4693","post","type-post","status-publish","format-standard","has-post-thumbnail","hentry","category-meio-ambiente"],"_links":{"self":[{"href":"https:\/\/diarionews.com.br\/index.php?rest_route=\/wp\/v2\/posts\/4693","targetHints":{"allow":["GET"]}}],"collection":[{"href":"https:\/\/diarionews.com.br\/index.php?rest_route=\/wp\/v2\/posts"}],"about":[{"href":"https:\/\/diarionews.com.br\/index.php?rest_route=\/wp\/v2\/types\/post"}],"author":[{"embeddable":true,"href":"https:\/\/diarionews.com.br\/index.php?rest_route=\/wp\/v2\/users\/3"}],"replies":[{"embeddable":true,"href":"https:\/\/diarionews.com.br\/index.php?rest_route=%2Fwp%2Fv2%2Fcomments&post=4693"}],"version-history":[{"count":1,"href":"https:\/\/diarionews.com.br\/index.php?rest_route=\/wp\/v2\/posts\/4693\/revisions"}],"predecessor-version":[{"id":4695,"href":"https:\/\/diarionews.com.br\/index.php?rest_route=\/wp\/v2\/posts\/4693\/revisions\/4695"}],"wp:featuredmedia":[{"embeddable":true,"href":"https:\/\/diarionews.com.br\/index.php?rest_route=\/wp\/v2\/media\/4694"}],"wp:attachment":[{"href":"https:\/\/diarionews.com.br\/index.php?rest_route=%2Fwp%2Fv2%2Fmedia&parent=4693"}],"wp:term":[{"taxonomy":"category","embeddable":true,"href":"https:\/\/diarionews.com.br\/index.php?rest_route=%2Fwp%2Fv2%2Fcategories&post=4693"},{"taxonomy":"post_tag","embeddable":true,"href":"https:\/\/diarionews.com.br\/index.php?rest_route=%2Fwp%2Fv2%2Ftags&post=4693"}],"curies":[{"name":"wp","href":"https:\/\/api.w.org\/{rel}","templated":true}]}}