{"id":4636,"date":"2026-02-15T09:06:05","date_gmt":"2026-02-15T13:06:05","guid":{"rendered":"https:\/\/diarionews.com.br\/?p=4636"},"modified":"2026-04-01T15:29:01","modified_gmt":"2026-04-01T19:29:01","slug":"homem-e-conduzido-a-delegacia-apos-dirigir-alcoolizado-em-colider","status":"publish","type":"post","link":"https:\/\/diarionews.com.br\/?p=4636","title":{"rendered":"Homem \u00e9 conduzido \u00e0 delegacia ap\u00f3s dirigir alcoolizado em Col\u00edder"},"content":{"rendered":"\n<p>Na noite de sexta\u2011feira, 14 de fevereiro de 2026, a Pol\u00edcia Militar de Col\u00edder atendeu a ocorr\u00eancia de condu\u00e7\u00e3o de ve\u00edculo automotor sob influ\u00eancia de \u00e1lcool ou subst\u00e2ncia psicoativa. O caso aconteceu por volta das 19h20 no Hospital Regional de Col\u00edder, ap\u00f3s acionamento via 190 pelo Centro de Opera\u00e7\u00f5es da Pol\u00edcia Militar (COPOM), que solicitou apoio \u00e0 Guarda Municipal local.<\/p>\n\n\n\n<p>Segundo relato da equipe, a guarni\u00e7\u00e3o da Pol\u00edcia Militar se deslocou ao hospital, onde j\u00e1 estavam presentes os dois envolvidos em um acidente de tr\u00e2nsito, al\u00e9m da equipe da Guarda Municipal. Durante entrevista com os guardas, foi informado que um dos condutores apresentava vis\u00edvel estado de embriaguez e necessitava de condu\u00e7\u00e3o policial at\u00e9 a Delegacia de Pol\u00edcia Judici\u00e1ria Civil para que fossem tomadas as provid\u00eancias legais cab\u00edveis.<\/p>\n\n\n\n<p>O suspeito, um homem de 31 anos, foi conduzido pela Pol\u00edcia Militar \u00e0 delegacia, onde o boletim de ocorr\u00eancia 2026.50905 foi registrado. A a\u00e7\u00e3o contou com a colabora\u00e7\u00e3o da Guarda Municipal, que havia tomado todas as medidas administrativas pertinentes no local do acidente antes da chegada da guarni\u00e7\u00e3o da PM.<\/p>\n\n\n\n<p>O caso refor\u00e7a a aten\u00e7\u00e3o das autoridades em Col\u00edder quanto \u00e0 seguran\u00e7a no tr\u00e2nsito e \u00e0 fiscaliza\u00e7\u00e3o do consumo de \u00e1lcool ou subst\u00e2ncias psicoativas por condutores, evitando riscos maiores para motoristas, pedestres e demais cidad\u00e3os na cidade.<\/p>\n","protected":false},"excerpt":{"rendered":"<p>Na noite de sexta\u2011feira, 14 de fevereiro de 2026, a Pol\u00edcia Militar de Col\u00edder atendeu a ocorr\u00eancia de condu\u00e7\u00e3o de ve\u00edculo automotor sob influ\u00eancia de \u00e1lcool ou subst\u00e2ncia psicoativa. O caso aconteceu por volta das 19h20 no Hospital Regional de Col\u00edder, ap\u00f3s acionamento via 190 pelo Centro de Opera\u00e7\u00f5es da Pol\u00edcia Militar (COPOM), que solicitou [&hellip;]<\/p>\n","protected":false},"author":3,"featured_media":3401,"comment_status":"open","ping_status":"open","sticky":false,"template":"","format":"standard","meta":{"footnotes":""},"categories":[21],"tags":[1329,1328],"class_list":["post-4636","post","type-post","status-publish","format-standard","has-post-thumbnail","hentry","category-regiao","tag-boletim-de-ocorrencias","tag-colidder"],"_links":{"self":[{"href":"https:\/\/diarionews.com.br\/index.php?rest_route=\/wp\/v2\/posts\/4636","targetHints":{"allow":["GET"]}}],"collection":[{"href":"https:\/\/diarionews.com.br\/index.php?rest_route=\/wp\/v2\/posts"}],"about":[{"href":"https:\/\/diarionews.com.br\/index.php?rest_route=\/wp\/v2\/types\/post"}],"author":[{"embeddable":true,"href":"https:\/\/diarionews.com.br\/index.php?rest_route=\/wp\/v2\/users\/3"}],"replies":[{"embeddable":true,"href":"https:\/\/diarionews.com.br\/index.php?rest_route=%2Fwp%2Fv2%2Fcomments&post=4636"}],"version-history":[{"count":1,"href":"https:\/\/diarionews.com.br\/index.php?rest_route=\/wp\/v2\/posts\/4636\/revisions"}],"predecessor-version":[{"id":4637,"href":"https:\/\/diarionews.com.br\/index.php?rest_route=\/wp\/v2\/posts\/4636\/revisions\/4637"}],"wp:featuredmedia":[{"embeddable":true,"href":"https:\/\/diarionews.com.br\/index.php?rest_route=\/wp\/v2\/media\/3401"}],"wp:attachment":[{"href":"https:\/\/diarionews.com.br\/index.php?rest_route=%2Fwp%2Fv2%2Fmedia&parent=4636"}],"wp:term":[{"taxonomy":"category","embeddable":true,"href":"https:\/\/diarionews.com.br\/index.php?rest_route=%2Fwp%2Fv2%2Fcategories&post=4636"},{"taxonomy":"post_tag","embeddable":true,"href":"https:\/\/diarionews.com.br\/index.php?rest_route=%2Fwp%2Fv2%2Ftags&post=4636"}],"curies":[{"name":"wp","href":"https:\/\/api.w.org\/{rel}","templated":true}]}}