{"id":4634,"date":"2026-02-15T09:02:24","date_gmt":"2026-02-15T13:02:24","guid":{"rendered":"https:\/\/diarionews.com.br\/?p=4634"},"modified":"2026-04-01T15:28:28","modified_gmt":"2026-04-01T19:28:28","slug":"policia-militar-prende-suspeito-por-trafico-e-posse-de-armas-em-alta-floresta","status":"publish","type":"post","link":"https:\/\/diarionews.com.br\/?p=4634","title":{"rendered":"Pol\u00edcia Militar prende suspeito por tr\u00e1fico e posse de armas em Alta Floresta"},"content":{"rendered":"\n<p>A Pol\u00edcia Militar de Mato Grosso, por meio do 8\u00ba Batalh\u00e3o em Alta Floresta, realizou na noite de sexta\u2011feira, 13 de fevereiro de 2026, a pris\u00e3o de um homem de 26 anos por tr\u00e1fico de drogas, posse ilegal de armas e muni\u00e7\u00f5es e corrup\u00e7\u00e3o de menor. A a\u00e7\u00e3o faz parte da Opera\u00e7\u00e3o Toler\u00e2ncia Zero contra fac\u00e7\u00f5es criminosas e foi desencadeada a partir de informa\u00e7\u00f5es obtidas pela Ag\u00eancia Regional de Intelig\u00eancia.<\/p>\n\n\n\n<p>O suspeito foi abordado por volta das 21h40 na Perimetral Rog\u00e9rio Silva, em frente \u00e0 UNOPAR, enquanto conduzia um ve\u00edculo Hyundai HB20 Sedan, branco. Durante a busca veicular, os policiais encontraram uma por\u00e7\u00e3o de pasta base de coca\u00edna e a quantia de R$ 960,00, escondida em compartimentos do autom\u00f3vel. A partir das informa\u00e7\u00f5es fornecidas pelo suspeito, a guarni\u00e7\u00e3o se deslocou at\u00e9 sua resid\u00eancia no Bairro Sol Nascente.<\/p>\n\n\n\n<p>No endere\u00e7o indicado, a Pol\u00edcia Militar apreendeu diversas por\u00e7\u00f5es de entorpecentes, incluindo pasta base de coca\u00edna, coca\u00edna e maconha, al\u00e9m de materiais usados no tr\u00e1fico, como balan\u00e7as de precis\u00e3o, embalagens pl\u00e1sticas e cadernos com anota\u00e7\u00f5es. Tamb\u00e9m foi localizada uma espingarda modificada calibre .22, 30 muni\u00e7\u00f5es calibre .22 e 10 muni\u00e7\u00f5es calibre .38, al\u00e9m de tr\u00eas motocicletas que, segundo intelig\u00eancia, eram usadas em a\u00e7\u00f5es il\u00edcitas por membros da organiza\u00e7\u00e3o criminosa.<\/p>\n\n\n\n<p>Todo o material apreendido, incluindo a arma, muni\u00e7\u00f5es, drogas, ve\u00edculos e autom\u00f3vel, assim como o suspeito, foi encaminhado \u00e0 Delegacia de Pol\u00edcia Judici\u00e1ria Civil para as provid\u00eancias legais cab\u00edveis. A opera\u00e7\u00e3o envolveu a atua\u00e7\u00e3o do Major Cunha, Subtenente Muller, Sargento Everton e Cabo Welder, com apoio da Ag\u00eancia Regional de Intelig\u00eancia. A a\u00e7\u00e3o refor\u00e7a a presen\u00e7a da pol\u00edcia em Alta Floresta e a vigil\u00e2ncia contra atividades criminosas na cidade.<\/p>\n","protected":false},"excerpt":{"rendered":"<p>A Pol\u00edcia Militar de Mato Grosso, por meio do 8\u00ba Batalh\u00e3o em Alta Floresta, realizou na noite de sexta\u2011feira, 13 de fevereiro de 2026, a pris\u00e3o de um homem de 26 anos por tr\u00e1fico de drogas, posse ilegal de armas e muni\u00e7\u00f5es e corrup\u00e7\u00e3o de menor. A a\u00e7\u00e3o faz parte da Opera\u00e7\u00e3o Toler\u00e2ncia Zero contra [&hellip;]<\/p>\n","protected":false},"author":3,"featured_media":1740,"comment_status":"open","ping_status":"open","sticky":false,"template":"","format":"standard","meta":{"footnotes":""},"categories":[14],"tags":[89,1000,956],"class_list":["post-4634","post","type-post","status-publish","format-standard","has-post-thumbnail","hentry","category-policia","tag-altafloresta","tag-drogas-2","tag-importante"],"_links":{"self":[{"href":"https:\/\/diarionews.com.br\/index.php?rest_route=\/wp\/v2\/posts\/4634","targetHints":{"allow":["GET"]}}],"collection":[{"href":"https:\/\/diarionews.com.br\/index.php?rest_route=\/wp\/v2\/posts"}],"about":[{"href":"https:\/\/diarionews.com.br\/index.php?rest_route=\/wp\/v2\/types\/post"}],"author":[{"embeddable":true,"href":"https:\/\/diarionews.com.br\/index.php?rest_route=\/wp\/v2\/users\/3"}],"replies":[{"embeddable":true,"href":"https:\/\/diarionews.com.br\/index.php?rest_route=%2Fwp%2Fv2%2Fcomments&post=4634"}],"version-history":[{"count":1,"href":"https:\/\/diarionews.com.br\/index.php?rest_route=\/wp\/v2\/posts\/4634\/revisions"}],"predecessor-version":[{"id":4635,"href":"https:\/\/diarionews.com.br\/index.php?rest_route=\/wp\/v2\/posts\/4634\/revisions\/4635"}],"wp:featuredmedia":[{"embeddable":true,"href":"https:\/\/diarionews.com.br\/index.php?rest_route=\/wp\/v2\/media\/1740"}],"wp:attachment":[{"href":"https:\/\/diarionews.com.br\/index.php?rest_route=%2Fwp%2Fv2%2Fmedia&parent=4634"}],"wp:term":[{"taxonomy":"category","embeddable":true,"href":"https:\/\/diarionews.com.br\/index.php?rest_route=%2Fwp%2Fv2%2Fcategories&post=4634"},{"taxonomy":"post_tag","embeddable":true,"href":"https:\/\/diarionews.com.br\/index.php?rest_route=%2Fwp%2Fv2%2Ftags&post=4634"}],"curies":[{"name":"wp","href":"https:\/\/api.w.org\/{rel}","templated":true}]}}