{"id":4612,"date":"2026-02-15T08:33:14","date_gmt":"2026-02-15T12:33:14","guid":{"rendered":"https:\/\/diarionews.com.br\/?p=4612"},"modified":"2026-04-01T15:27:54","modified_gmt":"2026-04-01T19:27:54","slug":"defesa-civil-estadual-mapeia-areas-de-risco-em-colider","status":"publish","type":"post","link":"https:\/\/diarionews.com.br\/?p=4612","title":{"rendered":"Defesa Civil estadual mapeia \u00e1reas de risco em Col\u00edder"},"content":{"rendered":"\n<p>A Defesa Civil de Mato Grosso realizou entre os dias 9 e 13 de fevereiro um mapeamento t\u00e9cnico das \u00e1reas de risco no munic\u00edpio de Col\u00edder, no norte do estado, com o objetivo de identificar locais mais vulner\u00e1veis a desastres naturais, como enchentes, alagamentos, eros\u00f5es e deslizamentos. A a\u00e7\u00e3o foi realizada em parceria com a Coordenadoria Municipal de Prote\u00e7\u00e3o e Defesa Civil e faz parte de um trabalho estrat\u00e9gico para fortalecer a prote\u00e7\u00e3o da popula\u00e7\u00e3o diante de eventos extremos.<\/p>\n\n\n\n<p>Durante os dias de visita t\u00e9cnica, os agentes da Defesa Civil realizaram vistorias de campo, entrevistas com moradores, an\u00e1lises geol\u00f3gicas e hidrol\u00f3gicas, al\u00e9m de utilizar tecnologias como imagens de sat\u00e9lite, drones e sistemas georreferenciados para ampliar a precis\u00e3o do diagn\u00f3stico. A metodologia permite que os pontos cr\u00edticos sejam mapeados de forma detalhada, subsidiando a\u00e7\u00f5es preventivas futuras.<\/p>\n\n\n\n<p>O levantamento identificou setores que demandam aten\u00e7\u00e3o especial, orientando poss\u00edveis interven\u00e7\u00f5es de melhoria na drenagem urbana e a\u00e7\u00f5es de conten\u00e7\u00e3o, bem como a elabora\u00e7\u00e3o ou atualiza\u00e7\u00e3o de planos de conting\u00eancia municipais. Essas medidas t\u00e9cnico-operacionais s\u00e3o consideradas essenciais para reduzir o impacto de desastres naturais e garantir uma resposta mais r\u00e1pida em situa\u00e7\u00f5es de emerg\u00eancia.<\/p>\n\n\n\n<p>Col\u00edder foi o segundo munic\u00edpio atendido neste ano pelo programa de mapeamento da Defesa Civil Estadual, seguindo a iniciativa de janeiro que contemplou S\u00e3o Pedro da Cipa. Em 2025, pelo menos 15 cidades tamb\u00e9m receberam apoio t\u00e9cnico semelhante, refor\u00e7ando o compromisso do estado em estruturar a rede de preven\u00e7\u00e3o e prote\u00e7\u00e3o civil em Mato Grosso.<\/p>\n","protected":false},"excerpt":{"rendered":"<p>A Defesa Civil de Mato Grosso realizou entre os dias 9 e 13 de fevereiro um mapeamento t\u00e9cnico das \u00e1reas de risco no munic\u00edpio de Col\u00edder, no norte do estado, com o objetivo de identificar locais mais vulner\u00e1veis a desastres naturais, como enchentes, alagamentos, eros\u00f5es e deslizamentos. A a\u00e7\u00e3o foi realizada em parceria com a [&hellip;]<\/p>\n","protected":false},"author":3,"featured_media":4613,"comment_status":"open","ping_status":"open","sticky":false,"template":"","format":"standard","meta":{"footnotes":""},"categories":[21],"tags":[1254,1097,956],"class_list":["post-4612","post","type-post","status-publish","format-standard","has-post-thumbnail","hentry","category-regiao","tag-colider-3","tag-defesa-civil","tag-importante"],"_links":{"self":[{"href":"https:\/\/diarionews.com.br\/index.php?rest_route=\/wp\/v2\/posts\/4612","targetHints":{"allow":["GET"]}}],"collection":[{"href":"https:\/\/diarionews.com.br\/index.php?rest_route=\/wp\/v2\/posts"}],"about":[{"href":"https:\/\/diarionews.com.br\/index.php?rest_route=\/wp\/v2\/types\/post"}],"author":[{"embeddable":true,"href":"https:\/\/diarionews.com.br\/index.php?rest_route=\/wp\/v2\/users\/3"}],"replies":[{"embeddable":true,"href":"https:\/\/diarionews.com.br\/index.php?rest_route=%2Fwp%2Fv2%2Fcomments&post=4612"}],"version-history":[{"count":1,"href":"https:\/\/diarionews.com.br\/index.php?rest_route=\/wp\/v2\/posts\/4612\/revisions"}],"predecessor-version":[{"id":4614,"href":"https:\/\/diarionews.com.br\/index.php?rest_route=\/wp\/v2\/posts\/4612\/revisions\/4614"}],"wp:featuredmedia":[{"embeddable":true,"href":"https:\/\/diarionews.com.br\/index.php?rest_route=\/wp\/v2\/media\/4613"}],"wp:attachment":[{"href":"https:\/\/diarionews.com.br\/index.php?rest_route=%2Fwp%2Fv2%2Fmedia&parent=4612"}],"wp:term":[{"taxonomy":"category","embeddable":true,"href":"https:\/\/diarionews.com.br\/index.php?rest_route=%2Fwp%2Fv2%2Fcategories&post=4612"},{"taxonomy":"post_tag","embeddable":true,"href":"https:\/\/diarionews.com.br\/index.php?rest_route=%2Fwp%2Fv2%2Ftags&post=4612"}],"curies":[{"name":"wp","href":"https:\/\/api.w.org\/{rel}","templated":true}]}}