{"id":4420,"date":"2026-02-11T07:01:34","date_gmt":"2026-02-11T11:01:34","guid":{"rendered":"https:\/\/diarionews.com.br\/?p=4420"},"modified":"2026-02-11T07:01:35","modified_gmt":"2026-02-11T11:01:35","slug":"casal-e-flagrado-fazendo-sexo-em-escadaria-de-forum-no-espirito-santo","status":"publish","type":"post","link":"https:\/\/diarionews.com.br\/?p=4420","title":{"rendered":"Casal \u00e9 flagrado fazendo sexo em escadaria de f\u00f3rum no Esp\u00edrito Santo"},"content":{"rendered":"\n<p>Um v\u00eddeo que circulou nas redes sociais nesta ter\u00e7a\u2011feira, 10 de fevereiro de 2026, mostrou um casal mantendo rela\u00e7\u00f5es sexuais na escadaria do pr\u00e9dio do f\u00f3rum da cidade de I\u00fana, na regi\u00e3o do Capara\u00f3, no estado do Esp\u00edrito Santo. As imagens foram registradas no s\u00e1bado, 7 de fevereiro, e ganharam repercuss\u00e3o \u00e0 medida que usu\u00e1rios come\u00e7aram a compartilh\u00e1\u2011las na internet e em grupos de mensagens.<\/p>\n\n\n\n<p>O Tribunal de Justi\u00e7a do Esp\u00edrito Santo (TJES), procurado para comentar o epis\u00f3dio, informou que o fato ocorreu em local e hor\u00e1rio em que n\u00e3o havia expediente no f\u00f3rum. A corte explicou que nenhum dos envolvidos \u00e9 servidor p\u00fablico do Poder Judici\u00e1rio, refor\u00e7ando que o pr\u00e9dio, apesar de ser uma institui\u00e7\u00e3o, \u00e9 acess\u00edvel ao p\u00fablico fora do hor\u00e1rio de funcionamento.<\/p>\n\n\n\n<figure class=\"wp-block-video\"><video controls src=\"https:\/\/cdn.jwplayer.com\/previews\/EyzMyqiB\"><\/video><\/figure>\n\n\n\n<p>Em nota oficial, o TJES disse ainda que o v\u00eddeo foi encaminhado \u00e0 Pol\u00edcia Civil e a outros \u00f3rg\u00e3os competentes para que as imagens sejam analisadas e, se for o caso, sejam tomadas as provid\u00eancias legais cab\u00edveis. At\u00e9 o momento, as autoridades policiais n\u00e3o divulgaram detalhes sobre poss\u00edveis responsabiliza\u00e7\u00f5es ou sobre a identifica\u00e7\u00e3o formal dos envolvidos.<\/p>\n\n\n\n<p>O caso provocou rea\u00e7\u00f5es diversas entre internautas, com debates sobre comportamento p\u00fablico, privacidade e responsabiliza\u00e7\u00e3o, especialmente em locais institucionalmente ligados \u00e0 Justi\u00e7a. A legisla\u00e7\u00e3o brasileira considera a pr\u00e1tica de sexo em locais p\u00fablicos como ato ofensivo ao pudor, pass\u00edvel de apura\u00e7\u00e3o e, dependendo do contexto, de san\u00e7\u00f5es previstas no C\u00f3digo Penal.<\/p>\n\n\n\n<p>Com A Gazeta ES<\/p>\n","protected":false},"excerpt":{"rendered":"<p>Um v\u00eddeo que circulou nas redes sociais nesta ter\u00e7a\u2011feira, 10 de fevereiro de 2026, mostrou um casal mantendo rela\u00e7\u00f5es sexuais na escadaria do pr\u00e9dio do f\u00f3rum da cidade de I\u00fana, na regi\u00e3o do Capara\u00f3, no estado do Esp\u00edrito Santo. As imagens foram registradas no s\u00e1bado, 7 de fevereiro, e ganharam repercuss\u00e3o \u00e0 medida que usu\u00e1rios [&hellip;]<\/p>\n","protected":false},"author":3,"featured_media":4421,"comment_status":"open","ping_status":"open","sticky":false,"template":"","format":"standard","meta":{"footnotes":""},"categories":[12],"tags":[],"class_list":["post-4420","post","type-post","status-publish","format-standard","has-post-thumbnail","hentry","category-nacionais"],"_links":{"self":[{"href":"https:\/\/diarionews.com.br\/index.php?rest_route=\/wp\/v2\/posts\/4420","targetHints":{"allow":["GET"]}}],"collection":[{"href":"https:\/\/diarionews.com.br\/index.php?rest_route=\/wp\/v2\/posts"}],"about":[{"href":"https:\/\/diarionews.com.br\/index.php?rest_route=\/wp\/v2\/types\/post"}],"author":[{"embeddable":true,"href":"https:\/\/diarionews.com.br\/index.php?rest_route=\/wp\/v2\/users\/3"}],"replies":[{"embeddable":true,"href":"https:\/\/diarionews.com.br\/index.php?rest_route=%2Fwp%2Fv2%2Fcomments&post=4420"}],"version-history":[{"count":1,"href":"https:\/\/diarionews.com.br\/index.php?rest_route=\/wp\/v2\/posts\/4420\/revisions"}],"predecessor-version":[{"id":4422,"href":"https:\/\/diarionews.com.br\/index.php?rest_route=\/wp\/v2\/posts\/4420\/revisions\/4422"}],"wp:featuredmedia":[{"embeddable":true,"href":"https:\/\/diarionews.com.br\/index.php?rest_route=\/wp\/v2\/media\/4421"}],"wp:attachment":[{"href":"https:\/\/diarionews.com.br\/index.php?rest_route=%2Fwp%2Fv2%2Fmedia&parent=4420"}],"wp:term":[{"taxonomy":"category","embeddable":true,"href":"https:\/\/diarionews.com.br\/index.php?rest_route=%2Fwp%2Fv2%2Fcategories&post=4420"},{"taxonomy":"post_tag","embeddable":true,"href":"https:\/\/diarionews.com.br\/index.php?rest_route=%2Fwp%2Fv2%2Ftags&post=4420"}],"curies":[{"name":"wp","href":"https:\/\/api.w.org\/{rel}","templated":true}]}}