{"id":4365,"date":"2026-02-10T07:16:22","date_gmt":"2026-02-10T11:16:22","guid":{"rendered":"https:\/\/diarionews.com.br\/?p=4365"},"modified":"2026-02-10T07:16:23","modified_gmt":"2026-02-10T11:16:23","slug":"azul-retoma-voo-apos-mudanca-no-incentivo-fiscal-do-estado","status":"publish","type":"post","link":"https:\/\/diarionews.com.br\/?p=4365","title":{"rendered":"Azul retoma voo ap\u00f3s mudan\u00e7a no incentivo fiscal do Estado"},"content":{"rendered":"\n<p>A liga\u00e7\u00e3o a\u00e9rea entre Cuiab\u00e1 e Alta Floresta ser\u00e1 retomada a partir do dia 1\u00ba de abril, ap\u00f3s quase nove meses de suspens\u00e3o. A rota, operada pela Azul, havia sido interrompida em julho de 2025 e volta a funcionar em meio \u00e0s mudan\u00e7as nas regras do programa estadual Voe MT, que passou a vincular incentivos fiscais \u00e0 amplia\u00e7\u00e3o efetiva da malha a\u00e9rea em Mato Grosso.<\/p>\n\n\n\n<p>Quando suspendeu o trecho, a companhia alegou ajustes de capacidade e baixa demanda. Com isso, passageiros do norte do Estado passaram a depender de conex\u00f5es pelo Aeroporto de Viracopos, em Campinas, para chegar a Alta Floresta, o que aumentava o tempo de viagem e os custos. O novo modelo de concess\u00e3o de benef\u00edcios fiscais alterou essa l\u00f3gica, ao atrelar os incentivos diretamente \u00e0 cobertura territorial e ao n\u00famero de voos regulares mantidos no Estado.<\/p>\n\n\n\n<p>A mudan\u00e7a foi formalizada por meio de altera\u00e7\u00e3o no decreto que regulamenta a Lei n\u00ba 10.395\/2016, atualizada pela Lei n\u00ba 13.189\/2025, em vigor desde 1\u00ba de janeiro de 2026. A partir do novo regramento, a redu\u00e7\u00e3o do ICMS sobre o querosene de avia\u00e7\u00e3o deixa de ser gen\u00e9rica e passa a variar conforme crit\u00e9rios objetivos, como quantidade de munic\u00edpios atendidos, frequ\u00eancia dos voos e amplia\u00e7\u00e3o das conex\u00f5es regionais e nacionais.<\/p>\n\n\n\n<p>Dentro desse cen\u00e1rio, a Azul retoma a opera\u00e7\u00e3o entre Cuiab\u00e1 e Alta Floresta com quatro voos semanais, \u00e0s quartas-feiras e domingos, nos dois sentidos. Ser\u00e3o ofertados 544 assentos por semana, com decolagens da capital \u00e0s 11h20 e chegada em Alta Floresta \u00e0s 12h20. No sentido inverso, os voos partem \u00e0s 13h e pousam em Cuiab\u00e1 \u00e0s 14h05. As opera\u00e7\u00f5es ser\u00e3o feitas com aeronaves Embraer 195-E2, com capacidade para 136 passageiros, e as passagens j\u00e1 est\u00e3o \u00e0 venda.<\/p>\n\n\n\n<p>Al\u00e9m disso, a companhia tamb\u00e9m vai ampliar a frequ\u00eancia da rota entre Viracopos e Alta Floresta. A partir de 10 de abril, o trecho passa de tr\u00eas para quatro voos semanais, com inclus\u00e3o de uma opera\u00e7\u00e3o \u00e0s sextas-feiras. Com a amplia\u00e7\u00e3o, ser\u00e3o 34 frequ\u00eancias mensais, somando 4.624 assentos por m\u00eas entre o Sudeste e o norte de Mato Grosso.<\/p>\n\n\n\n<p>A pol\u00edtica de incentivo fiscal prev\u00ea redu\u00e7\u00e3o do ICMS sobre o QAV que varia de 41,18% a 16%, conforme o cumprimento de metas relacionadas \u00e0 oferta de voos, liga\u00e7\u00f5es interestaduais e conex\u00f5es entre munic\u00edpios do interior e o Aeroporto Internacional Marechal Rondon, em V\u00e1rzea Grande. Para o setor a\u00e9reo, a retomada da rota entre Cuiab\u00e1 e Alta Floresta \u00e9 um exemplo pr\u00e1tico de como o novo modelo busca fortalecer a conectividade regional e reduzir a depend\u00eancia de hubs fora do Estado.<\/p>\n","protected":false},"excerpt":{"rendered":"<p>A liga\u00e7\u00e3o a\u00e9rea entre Cuiab\u00e1 e Alta Floresta ser\u00e1 retomada a partir do dia 1\u00ba de abril, ap\u00f3s quase nove meses de suspens\u00e3o. A rota, operada pela Azul, havia sido interrompida em julho de 2025 e volta a funcionar em meio \u00e0s mudan\u00e7as nas regras do programa estadual Voe MT, que passou a vincular incentivos [&hellip;]<\/p>\n","protected":false},"author":3,"featured_media":3738,"comment_status":"open","ping_status":"open","sticky":false,"template":"","format":"standard","meta":{"footnotes":""},"categories":[20],"tags":[89,946,956,718,990],"class_list":["post-4365","post","type-post","status-publish","format-standard","has-post-thumbnail","hentry","category-economia","tag-altafloresta","tag-azul-linhas-aereas","tag-importante","tag-matogrosso","tag-voos"],"_links":{"self":[{"href":"https:\/\/diarionews.com.br\/index.php?rest_route=\/wp\/v2\/posts\/4365","targetHints":{"allow":["GET"]}}],"collection":[{"href":"https:\/\/diarionews.com.br\/index.php?rest_route=\/wp\/v2\/posts"}],"about":[{"href":"https:\/\/diarionews.com.br\/index.php?rest_route=\/wp\/v2\/types\/post"}],"author":[{"embeddable":true,"href":"https:\/\/diarionews.com.br\/index.php?rest_route=\/wp\/v2\/users\/3"}],"replies":[{"embeddable":true,"href":"https:\/\/diarionews.com.br\/index.php?rest_route=%2Fwp%2Fv2%2Fcomments&post=4365"}],"version-history":[{"count":1,"href":"https:\/\/diarionews.com.br\/index.php?rest_route=\/wp\/v2\/posts\/4365\/revisions"}],"predecessor-version":[{"id":4366,"href":"https:\/\/diarionews.com.br\/index.php?rest_route=\/wp\/v2\/posts\/4365\/revisions\/4366"}],"wp:featuredmedia":[{"embeddable":true,"href":"https:\/\/diarionews.com.br\/index.php?rest_route=\/wp\/v2\/media\/3738"}],"wp:attachment":[{"href":"https:\/\/diarionews.com.br\/index.php?rest_route=%2Fwp%2Fv2%2Fmedia&parent=4365"}],"wp:term":[{"taxonomy":"category","embeddable":true,"href":"https:\/\/diarionews.com.br\/index.php?rest_route=%2Fwp%2Fv2%2Fcategories&post=4365"},{"taxonomy":"post_tag","embeddable":true,"href":"https:\/\/diarionews.com.br\/index.php?rest_route=%2Fwp%2Fv2%2Ftags&post=4365"}],"curies":[{"name":"wp","href":"https:\/\/api.w.org\/{rel}","templated":true}]}}