{"id":4357,"date":"2026-02-10T07:07:54","date_gmt":"2026-02-10T11:07:54","guid":{"rendered":"https:\/\/diarionews.com.br\/?p=4357"},"modified":"2026-02-10T07:07:58","modified_gmt":"2026-02-10T11:07:58","slug":"tres-acidentes-de-transito-sao-registrados-em-alta-floresta-no-mesmo-dia","status":"publish","type":"post","link":"https:\/\/diarionews.com.br\/?p=4357","title":{"rendered":"Tr\u00eas acidentes de tr\u00e2nsito s\u00e3o registrados em Alta Floresta no mesmo dia"},"content":{"rendered":"\n<p>Tr\u00eas ocorr\u00eancias de acidentes de tr\u00e2nsito foram registradas em Alta Floresta na segunda-feira, 9 de fevereiro de 2026, em diferentes pontos da cidade. Os casos envolveram colis\u00f5es entre ve\u00edculos e motocicletas, resultando em danos materiais e feridos, al\u00e9m do registro de crime de tr\u00e2nsito por condu\u00e7\u00e3o sob efeito de \u00e1lcool.<\/p>\n\n\n\n<p>O primeiro acidente ocorreu por volta das 15h30, na Avenida Airton Senna, no cruzamento com a Rua Estrela do Oriente. Segundo informa\u00e7\u00f5es repassadas pelos agentes de tr\u00e2nsito, um Chevrolet Onix seguia no sentido Perimetral Rog\u00e9rio Silva ao Centro quando sinalizou para converter \u00e0 esquerda. No momento da manobra, uma motocicleta Honda XRE 190, que trafegava logo atr\u00e1s, colidiu na lateral do ve\u00edculo. O motociclista, de 19 anos, caiu ao solo e precisou de atendimento do Corpo de Bombeiros, sendo encaminhado ao Pronto Atendimento Municipal, onde permaneceu em observa\u00e7\u00e3o.<\/p>\n\n\n\n<p>Ainda conforme relato, o condutor da motocicleta afirmou ter visto a seta acionada, mas acreditou que o motorista do carro tivesse esquecido a sinaliza\u00e7\u00e3o ligada, motivo pelo qual tentou realizar a ultrapassagem. O autom\u00f3vel foi liberado ao condutor, enquanto a motocicleta foi removida por n\u00e3o haver respons\u00e1vel no local.<\/p>\n\n\n\n<p>O segundo sinistro foi registrado \u00e0s 17h40, na Avenida Ludovico da Riva Neto, nas proximidades da Escola Marin\u00eas. Uma BMW 320i reduziu a velocidade e parou devido ao sem\u00e1foro vermelho, quando foi atingida na traseira por uma motocicleta Honda Biz 110i. Com o impacto, o condutor da moto e uma passageira de 11 anos ca\u00edram ao solo. As v\u00edtimas foram socorridas pelo Corpo de Bombeiros e encaminhadas ao Hospital Regional, onde permaneceram sob observa\u00e7\u00e3o m\u00e9dica. O boletim de ocorr\u00eancia foi confeccionado e encaminhado \u00e0 Delegacia de Pol\u00edcia para as provid\u00eancias cab\u00edveis.<\/p>\n\n\n\n<p>J\u00e1 no per\u00edodo da noite, por volta das 21h20, outro acidente foi registrado na Perimetral Rog\u00e9rio Silva, pr\u00f3ximo ao quartel do Corpo de Bombeiros. Um GM Classic parou no sem\u00e1foro vermelho quando foi atingido na traseira por um Hyundai Tucson. Durante a verifica\u00e7\u00e3o, foi realizado o teste do etil\u00f4metro nos condutores. O motorista do Classic apresentou resultado negativo, enquanto o condutor do Tucson registrou 0,84 miligrama de \u00e1lcool por litro de ar alveolar, configurando crime de tr\u00e2nsito. Diante do resultado, ele foi detido e encaminhado \u00e0 Delegacia de Pol\u00edcia Judici\u00e1ria Civil para as medidas legais.<\/p>\n","protected":false},"excerpt":{"rendered":"<p>Tr\u00eas ocorr\u00eancias de acidentes de tr\u00e2nsito foram registradas em Alta Floresta na segunda-feira, 9 de fevereiro de 2026, em diferentes pontos da cidade. Os casos envolveram colis\u00f5es entre ve\u00edculos e motocicletas, resultando em danos materiais e feridos, al\u00e9m do registro de crime de tr\u00e2nsito por condu\u00e7\u00e3o sob efeito de \u00e1lcool. O primeiro acidente ocorreu por [&hellip;]<\/p>\n","protected":false},"author":3,"featured_media":4358,"comment_status":"open","ping_status":"open","sticky":false,"template":"","format":"standard","meta":{"footnotes":""},"categories":[14,6],"tags":[89,93,956,718],"class_list":["post-4357","post","type-post","status-publish","format-standard","has-post-thumbnail","hentry","category-policia","category-local","tag-altafloresta","tag-policiamilitar","tag-importante","tag-matogrosso"],"_links":{"self":[{"href":"https:\/\/diarionews.com.br\/index.php?rest_route=\/wp\/v2\/posts\/4357","targetHints":{"allow":["GET"]}}],"collection":[{"href":"https:\/\/diarionews.com.br\/index.php?rest_route=\/wp\/v2\/posts"}],"about":[{"href":"https:\/\/diarionews.com.br\/index.php?rest_route=\/wp\/v2\/types\/post"}],"author":[{"embeddable":true,"href":"https:\/\/diarionews.com.br\/index.php?rest_route=\/wp\/v2\/users\/3"}],"replies":[{"embeddable":true,"href":"https:\/\/diarionews.com.br\/index.php?rest_route=%2Fwp%2Fv2%2Fcomments&post=4357"}],"version-history":[{"count":1,"href":"https:\/\/diarionews.com.br\/index.php?rest_route=\/wp\/v2\/posts\/4357\/revisions"}],"predecessor-version":[{"id":4359,"href":"https:\/\/diarionews.com.br\/index.php?rest_route=\/wp\/v2\/posts\/4357\/revisions\/4359"}],"wp:featuredmedia":[{"embeddable":true,"href":"https:\/\/diarionews.com.br\/index.php?rest_route=\/wp\/v2\/media\/4358"}],"wp:attachment":[{"href":"https:\/\/diarionews.com.br\/index.php?rest_route=%2Fwp%2Fv2%2Fmedia&parent=4357"}],"wp:term":[{"taxonomy":"category","embeddable":true,"href":"https:\/\/diarionews.com.br\/index.php?rest_route=%2Fwp%2Fv2%2Fcategories&post=4357"},{"taxonomy":"post_tag","embeddable":true,"href":"https:\/\/diarionews.com.br\/index.php?rest_route=%2Fwp%2Fv2%2Ftags&post=4357"}],"curies":[{"name":"wp","href":"https:\/\/api.w.org\/{rel}","templated":true}]}}