{"id":4010,"date":"2026-02-02T09:14:04","date_gmt":"2026-02-02T13:14:04","guid":{"rendered":"https:\/\/diarionews.com.br\/?p=4010"},"modified":"2026-02-02T09:14:05","modified_gmt":"2026-02-02T13:14:05","slug":"regularizacao-fundiaria-entra-na-agenda-da-amm-como-estrategia-de-desenvolvimento-municipal","status":"publish","type":"post","link":"https:\/\/diarionews.com.br\/?p=4010","title":{"rendered":"Regulariza\u00e7\u00e3o fundi\u00e1ria entra na agenda da AMM como estrat\u00e9gia de desenvolvimento municipal"},"content":{"rendered":"\n<h3 class=\"wp-block-heading has-text-align-center\"><em><strong>Casa municipalista articula forma\u00e7\u00e3o t\u00e9cnica para apoiar prefeituras na titula\u00e7\u00e3o de im\u00f3veis e organiza\u00e7\u00e3o urbana.<\/strong><\/em><\/h3>\n\n\n\n<p>A Associa\u00e7\u00e3o Mato-grossense dos Munic\u00edpios (AMM) articula a realiza\u00e7\u00e3o de uma edi\u00e7\u00e3o do Projeto \u201cSemin\u00e1rio de Forma\u00e7\u00e3o\u201d voltada \u00e0 regulariza\u00e7\u00e3o fundi\u00e1ria, com o objetivo de capacitar servidores, auxiliar prefeituras, com intuito de destravar processos, ampliar a seguran\u00e7a jur\u00eddica e fortalecer a arrecada\u00e7\u00e3o municipal. A proposta foi debatida em reuni\u00e3o institucional na \u00faltima quarta-feira (28) na sede da associa\u00e7\u00e3o e deve integrar a agenda de capacita\u00e7\u00e3o t\u00e9cnica da entidade nos pr\u00f3ximos meses.<\/p>\n\n\n\n<p>A iniciativa busca atender uma das principais demandas dos munic\u00edpios, especialmente aqueles que enfrentam dificuldades t\u00e9cnicas e jur\u00eddicas para avan\u00e7ar na regulariza\u00e7\u00e3o de \u00e1reas urbanas. Al\u00e9m do impacto social direto para fam\u00edlias que aguardam a titula\u00e7\u00e3o de seus im\u00f3veis, a regulariza\u00e7\u00e3o fundi\u00e1ria tamb\u00e9m reflete no planejamento urbano, no acesso ao cr\u00e9dito e no aumento da arrecada\u00e7\u00e3o, por meio do IPTU e do recadastramento imobili\u00e1rio.<\/p>\n\n\n\n<p>Segundo o presidente da AMM, L\u00e9o Bortolin, a forma\u00e7\u00e3o das equipes t\u00e9cnicas \u00e9 essencial para que os munic\u00edpios consigam avan\u00e7ar com mais efici\u00eancia. \u201cRegulariza\u00e7\u00e3o fundi\u00e1ria n\u00e3o \u00e9 apenas um tema urbano, \u00e9 desenvolvimento econ\u00f4mico. Quando o munic\u00edpio regulariza, ele gera seguran\u00e7a jur\u00eddica para as fam\u00edlias, movimenta a economia local e fortalece sua capacidade de arrecada\u00e7\u00e3o\u201d, destacou.<\/p>\n\n\n\n<p>A proposta da AMM \u00e9 que o evento seja ofertado na modalidade presencial e on-line (ao vivo), com especialistas de refer\u00eancia, voltados principalmente \u00e0s equipes t\u00e9cnicas das prefeituras. A entidade tamb\u00e9m avalia inserir o debate em grandes eventos municipalistas, como o Encontro de Prefeitos e a Marcha em Bras\u00edlia, ampliando o alcance da discuss\u00e3o e promovendo a troca de experi\u00eancias entre gestores.<\/p>\n\n\n\n<p>A expectativa \u00e9 que as a\u00e7\u00f5es sejam estruturadas a partir do calend\u00e1rio institucional da AMM, com previs\u00e3o de atividades ao longo do primeiro semestre, refor\u00e7ando o papel da entidade como articuladora de solu\u00e7\u00f5es para os desafios enfrentados pelos munic\u00edpios mato-grossenses.<\/p>\n\n\n\n<h3 class=\"wp-block-heading\">Comunica\u00e7\u00e3o Social AMM<\/h3>\n","protected":false},"excerpt":{"rendered":"<p>Casa municipalista articula forma\u00e7\u00e3o t\u00e9cnica para apoiar prefeituras na titula\u00e7\u00e3o de im\u00f3veis e organiza\u00e7\u00e3o urbana. A Associa\u00e7\u00e3o Mato-grossense dos Munic\u00edpios (AMM) articula a realiza\u00e7\u00e3o de uma edi\u00e7\u00e3o do Projeto \u201cSemin\u00e1rio de Forma\u00e7\u00e3o\u201d voltada \u00e0 regulariza\u00e7\u00e3o fundi\u00e1ria, com o objetivo de capacitar servidores, auxiliar prefeituras, com intuito de destravar processos, ampliar a seguran\u00e7a jur\u00eddica e fortalecer [&hellip;]<\/p>\n","protected":false},"author":3,"featured_media":4011,"comment_status":"open","ping_status":"open","sticky":false,"template":"","format":"standard","meta":{"footnotes":""},"categories":[18],"tags":[718,1226],"class_list":["post-4010","post","type-post","status-publish","format-standard","has-post-thumbnail","hentry","category-estaduais","tag-matogrosso","tag-regularizacao-fundiaria"],"_links":{"self":[{"href":"https:\/\/diarionews.com.br\/index.php?rest_route=\/wp\/v2\/posts\/4010","targetHints":{"allow":["GET"]}}],"collection":[{"href":"https:\/\/diarionews.com.br\/index.php?rest_route=\/wp\/v2\/posts"}],"about":[{"href":"https:\/\/diarionews.com.br\/index.php?rest_route=\/wp\/v2\/types\/post"}],"author":[{"embeddable":true,"href":"https:\/\/diarionews.com.br\/index.php?rest_route=\/wp\/v2\/users\/3"}],"replies":[{"embeddable":true,"href":"https:\/\/diarionews.com.br\/index.php?rest_route=%2Fwp%2Fv2%2Fcomments&post=4010"}],"version-history":[{"count":1,"href":"https:\/\/diarionews.com.br\/index.php?rest_route=\/wp\/v2\/posts\/4010\/revisions"}],"predecessor-version":[{"id":4012,"href":"https:\/\/diarionews.com.br\/index.php?rest_route=\/wp\/v2\/posts\/4010\/revisions\/4012"}],"wp:featuredmedia":[{"embeddable":true,"href":"https:\/\/diarionews.com.br\/index.php?rest_route=\/wp\/v2\/media\/4011"}],"wp:attachment":[{"href":"https:\/\/diarionews.com.br\/index.php?rest_route=%2Fwp%2Fv2%2Fmedia&parent=4010"}],"wp:term":[{"taxonomy":"category","embeddable":true,"href":"https:\/\/diarionews.com.br\/index.php?rest_route=%2Fwp%2Fv2%2Fcategories&post=4010"},{"taxonomy":"post_tag","embeddable":true,"href":"https:\/\/diarionews.com.br\/index.php?rest_route=%2Fwp%2Fv2%2Ftags&post=4010"}],"curies":[{"name":"wp","href":"https:\/\/api.w.org\/{rel}","templated":true}]}}