{"id":3985,"date":"2026-02-02T08:43:40","date_gmt":"2026-02-02T12:43:40","guid":{"rendered":"https:\/\/diarionews.com.br\/?p=3985"},"modified":"2026-02-02T08:43:41","modified_gmt":"2026-02-02T12:43:41","slug":"projeto-de-lei-com-rga-para-os-servidores-publicos-e-encaminhado-a-camara-de-vereadores-de-nova-monte-verde-prevendo-a-correcao-ainda-em-fevereiro","status":"publish","type":"post","link":"https:\/\/diarionews.com.br\/?p=3985","title":{"rendered":"Projeto de Lei com RGA para os servidores p\u00fablicos \u00e9 encaminhado \u00e0 C\u00e2mara de Vereadores de Nova Monte Verde prevendo a corre\u00e7\u00e3o ainda em fevereiro"},"content":{"rendered":"\n<p>A Prefeitura de Nova Monte Verde encaminhou \u00e0 C\u00e2mara Municipal o Projeto de Lei que prop\u00f5e o Reajuste Geral Anual (RGA) para todos os servidores p\u00fablicos municipais, com um \u00edndice de 4,26%, calculado com base no IPCA. A medida, que agora aguarda vota\u00e7\u00e3o dos vereadores, busca garantir a reposi\u00e7\u00e3o inflacion\u00e1ria e a manuten\u00e7\u00e3o do poder de compra dos trabalhadores, com a previs\u00e3o de que a corre\u00e7\u00e3o seja aplicada ainda no m\u00eas de fevereiro.<\/p>\n\n\n\n<p>Um dos pontos do Projeto de Lei refere-se \u00e0 pol\u00edtica de valoriza\u00e7\u00e3o dos educadores. Com o RGA proposto de 4,26%, o sal\u00e1rio dos professores da educa\u00e7\u00e3o b\u00e1sica em Nova Monte Verde passar\u00e1 a ser de R$ 5.658,44, para uma jornada de 30 horas semanais, valor superior ao piso nacional, fixado em R$ 5.130,63 para uma jornada de 40 horas semanais, ap\u00f3s reajuste de 5,4%.<\/p>\n\n\n\n<p>&#8220;\u00c9 natural que parte da popula\u00e7\u00e3o e, em especial, nossos servidores, observem os percentuais de reajuste. No entanto, \u00e9 crucial que olhemos para o cen\u00e1rio completo e para o impacto real na remunera\u00e7\u00e3o&#8221;, afirma o prefeito Edemilson Marino. &#8220;Nossa gest\u00e3o tem um compromisso inabal\u00e1vel com a educa\u00e7\u00e3o e com a valoriza\u00e7\u00e3o de quem est\u00e1 na linha de frente, formando o futuro de nossas crian\u00e7as e jovens\u201d, acrescenta.<\/p>\n\n\n\n<p>Na pr\u00e1tica, o munic\u00edpio de Nova Monte Verde remunera seus professores com aproximadamente 47,04% a mais por hora trabalhada em compara\u00e7\u00e3o com o piso nacional. Isso significa que, apesar de o percentual do RGA municipal ser ligeiramente inferior ao reajuste do piso nacional para este ano, a base salarial dos professores de Nova Monte Verde se encontra em um patamar superior.<\/p>\n\n\n\n<p>&#8220;Como gestor p\u00fablico h\u00e1 mais de 5 anos, e tendo atuado em cen\u00e1rios de otimiza\u00e7\u00e3o de recursos, sei que a verdadeira valoriza\u00e7\u00e3o n\u00e3o est\u00e1 apenas no percentual anual, mas na base salarial que foi constru\u00edda ao longo do tempo. Fico feliz em enviar uma proposta justa e que contempla todos os servidores do munic\u00edpio com o mesmo percentual de reajuste. Isso \u00e9 fruto de um trabalho com responsabilidade e planejamento&#8221;, explica o Prefeito.<\/p>\n\n\n\n<p><strong>Gest\u00e3o Fiscal Eficiente<\/strong><\/p>\n\n\n\n<p>Nova Monte Verde tem se destacado por sua gest\u00e3o fiscal eficiente, fruto de um trabalho cont\u00ednuo de planejamento rigoroso, controle de gastos e busca por economia e efici\u00eancia na aplica\u00e7\u00e3o dos recursos p\u00fablicos.<\/p>\n\n\n\n<p>A valoriza\u00e7\u00e3o do professor \u00e9 um investimento estrat\u00e9gico na qualidade da educa\u00e7\u00e3o e no futuro da comunidade. Ao garantir uma remunera\u00e7\u00e3o atrativa, Nova Monte Verde n\u00e3o apenas reconhece o m\u00e9rito de seus educadores, mas tamb\u00e9m atrai e ret\u00e9m talentos, fortalecendo o sistema educacional e impulsionando o desenvolvimento social e econ\u00f4mico do munic\u00edpio.<\/p>\n\n\n\n<p>O Projeto de Lei do RGA agora segue para an\u00e1lise e vota\u00e7\u00e3o dos vereadores, mas a mensagem da administra\u00e7\u00e3o municipal \u00e9 clara: Nova Monte Verde segue firme em seu compromisso de valorizar seus servidores, por meio de uma gest\u00e3o p\u00fablica respons\u00e1vel e focada em resultados.<\/p>\n\n\n\n<p>Assessoria <\/p>\n","protected":false},"excerpt":{"rendered":"<p>A Prefeitura de Nova Monte Verde encaminhou \u00e0 C\u00e2mara Municipal o Projeto de Lei que prop\u00f5e o Reajuste Geral Anual (RGA) para todos os servidores p\u00fablicos municipais, com um \u00edndice de 4,26%, calculado com base no IPCA. A medida, que agora aguarda vota\u00e7\u00e3o dos vereadores, busca garantir a reposi\u00e7\u00e3o inflacion\u00e1ria e a manuten\u00e7\u00e3o do poder [&hellip;]<\/p>\n","protected":false},"author":3,"featured_media":3986,"comment_status":"open","ping_status":"open","sticky":false,"template":"","format":"standard","meta":{"footnotes":""},"categories":[21],"tags":[969],"class_list":["post-3985","post","type-post","status-publish","format-standard","has-post-thumbnail","hentry","category-regiao","tag-nova-monte-verde"],"_links":{"self":[{"href":"https:\/\/diarionews.com.br\/index.php?rest_route=\/wp\/v2\/posts\/3985","targetHints":{"allow":["GET"]}}],"collection":[{"href":"https:\/\/diarionews.com.br\/index.php?rest_route=\/wp\/v2\/posts"}],"about":[{"href":"https:\/\/diarionews.com.br\/index.php?rest_route=\/wp\/v2\/types\/post"}],"author":[{"embeddable":true,"href":"https:\/\/diarionews.com.br\/index.php?rest_route=\/wp\/v2\/users\/3"}],"replies":[{"embeddable":true,"href":"https:\/\/diarionews.com.br\/index.php?rest_route=%2Fwp%2Fv2%2Fcomments&post=3985"}],"version-history":[{"count":1,"href":"https:\/\/diarionews.com.br\/index.php?rest_route=\/wp\/v2\/posts\/3985\/revisions"}],"predecessor-version":[{"id":3987,"href":"https:\/\/diarionews.com.br\/index.php?rest_route=\/wp\/v2\/posts\/3985\/revisions\/3987"}],"wp:featuredmedia":[{"embeddable":true,"href":"https:\/\/diarionews.com.br\/index.php?rest_route=\/wp\/v2\/media\/3986"}],"wp:attachment":[{"href":"https:\/\/diarionews.com.br\/index.php?rest_route=%2Fwp%2Fv2%2Fmedia&parent=3985"}],"wp:term":[{"taxonomy":"category","embeddable":true,"href":"https:\/\/diarionews.com.br\/index.php?rest_route=%2Fwp%2Fv2%2Fcategories&post=3985"},{"taxonomy":"post_tag","embeddable":true,"href":"https:\/\/diarionews.com.br\/index.php?rest_route=%2Fwp%2Fv2%2Ftags&post=3985"}],"curies":[{"name":"wp","href":"https:\/\/api.w.org\/{rel}","templated":true}]}}