{"id":3982,"date":"2026-02-02T08:25:53","date_gmt":"2026-02-02T12:25:53","guid":{"rendered":"https:\/\/diarionews.com.br\/?p=3982"},"modified":"2026-02-02T08:25:57","modified_gmt":"2026-02-02T12:25:57","slug":"prefeito-chico-gamba-nomeia-novos-membros-dos-conselhos-do-ipreaf-e-reforca-compromisso-com-a-previdencia-dos-servidores","status":"publish","type":"post","link":"https:\/\/diarionews.com.br\/?p=3982","title":{"rendered":"Prefeito Chico Gamba nomeia novos membros dos Conselhos do IPREAF e refor\u00e7a compromisso com a previd\u00eancia dos servidores"},"content":{"rendered":"\n<p>Na \u00faltima quinta-feira (29\/01) foi realizado, no Audit\u00f3rio do IPREAF, o ato oficial de nomea\u00e7\u00e3o dos novos membros que ir\u00e3o compor os Conselhos Curador e Fiscal do Instituto de Previd\u00eancia do Servidor Municipal de Alta Floresta (IPREAF), para o mandato 2026\u20132029.<\/p>\n\n\n\n<p>A nomea\u00e7\u00e3o foi formalizada por meio do Decreto n\u00ba 018\/2026, que estabelece os representantes do Poder Executivo, do Poder Legislativo e dos segurados, al\u00e9m dos membros respons\u00e1veis pela fiscaliza\u00e7\u00e3o da gest\u00e3o previdenci\u00e1ria do instituto.<\/p>\n\n\n\n<p>Durante o ato, o prefeito Chico Gamba destacou a import\u00e2ncia da nova composi\u00e7\u00e3o dos conselhos para garantir seguran\u00e7a, transpar\u00eancia e responsabilidade na administra\u00e7\u00e3o dos recursos dos servidores municipais.<\/p>\n\n\n\n<p>\u201cO IPREAF cuida do futuro de milhares de fam\u00edlias de servidores. Por isso, precisamos de pessoas comprometidas, t\u00e9cnicas e respons\u00e1veis. Esses conselhos t\u00eam um papel essencial para assegurar que cada decis\u00e3o seja tomada com seriedade, transpar\u00eancia e respeito ao dinheiro p\u00fablico\u201d, afirmou o prefeito.<\/p>\n\n\n\n<p>Composi\u00e7\u00e3o dos Conselhos<\/p>\n\n\n\n<p>Conselho Curador \u2013 Membros Titulares<br>Kleber Zinimar Geraldine Coutinho;<br>Andr\u00e9ia Rocha da Silva;<br>Joel Batista da Silva;<br>Wagner Aparecido Floriani;<br>Aparecida Salete Pires Pereira;<br>Hebertt Villarruel da Silva;<br>Monica Gonzaga Marques Benetti;<br>Jos\u00e9 Luiz Augusto Teixeira.<\/p>\n\n\n\n<p>Membros Suplentes<br>Andreia Rocha da Silva de Godoi;<br>Luciana Ragazzi Carneiro;<br>Ana Maria Ferreira de Almeida;<br>Jose Terto de Oliveira.<\/p>\n\n\n\n<p>Conselho Fiscal \u2013 Membros Titulares<br>Edimar Silva Vila Nova;<br>Maria Janete Pereira Rocha;<br>Sady de Moura.<\/p>\n\n\n\n<p>Membros Suplentes<br>Juraci Pereira Rosa;<br>Jose Roberto de Moraes Ribeiro. &nbsp;\ufffc<\/p>\n\n\n\n<p>O Conselho Curador passa a contar com representantes indicados pelos poderes Executivo e Legislativo, al\u00e9m de membros eleitos entre os segurados do instituto. J\u00e1 o Conselho Fiscal ser\u00e1 respons\u00e1vel por acompanhar, analisar e fiscalizar as contas e os atos administrativos do IPREAF, fortalecendo os mecanismos de controle interno e governan\u00e7a.<\/p>\n\n\n\n<h3 class=\"wp-block-heading\">Dan\u00fabio Ferreira<\/h3>\n\n\n\n<h3 class=\"wp-block-heading\">Prefeitura de Alta Floresta<\/h3>\n","protected":false},"excerpt":{"rendered":"<p>Na \u00faltima quinta-feira (29\/01) foi realizado, no Audit\u00f3rio do IPREAF, o ato oficial de nomea\u00e7\u00e3o dos novos membros que ir\u00e3o compor os Conselhos Curador e Fiscal do Instituto de Previd\u00eancia do Servidor Municipal de Alta Floresta (IPREAF), para o mandato 2026\u20132029. A nomea\u00e7\u00e3o foi formalizada por meio do Decreto n\u00ba 018\/2026, que estabelece os representantes [&hellip;]<\/p>\n","protected":false},"author":3,"featured_media":3983,"comment_status":"open","ping_status":"open","sticky":false,"template":"","format":"standard","meta":{"footnotes":""},"categories":[6],"tags":[89,956,1217],"class_list":["post-3982","post","type-post","status-publish","format-standard","has-post-thumbnail","hentry","category-local","tag-altafloresta","tag-importante","tag-ipreaf-2"],"_links":{"self":[{"href":"https:\/\/diarionews.com.br\/index.php?rest_route=\/wp\/v2\/posts\/3982","targetHints":{"allow":["GET"]}}],"collection":[{"href":"https:\/\/diarionews.com.br\/index.php?rest_route=\/wp\/v2\/posts"}],"about":[{"href":"https:\/\/diarionews.com.br\/index.php?rest_route=\/wp\/v2\/types\/post"}],"author":[{"embeddable":true,"href":"https:\/\/diarionews.com.br\/index.php?rest_route=\/wp\/v2\/users\/3"}],"replies":[{"embeddable":true,"href":"https:\/\/diarionews.com.br\/index.php?rest_route=%2Fwp%2Fv2%2Fcomments&post=3982"}],"version-history":[{"count":1,"href":"https:\/\/diarionews.com.br\/index.php?rest_route=\/wp\/v2\/posts\/3982\/revisions"}],"predecessor-version":[{"id":3984,"href":"https:\/\/diarionews.com.br\/index.php?rest_route=\/wp\/v2\/posts\/3982\/revisions\/3984"}],"wp:featuredmedia":[{"embeddable":true,"href":"https:\/\/diarionews.com.br\/index.php?rest_route=\/wp\/v2\/media\/3983"}],"wp:attachment":[{"href":"https:\/\/diarionews.com.br\/index.php?rest_route=%2Fwp%2Fv2%2Fmedia&parent=3982"}],"wp:term":[{"taxonomy":"category","embeddable":true,"href":"https:\/\/diarionews.com.br\/index.php?rest_route=%2Fwp%2Fv2%2Fcategories&post=3982"},{"taxonomy":"post_tag","embeddable":true,"href":"https:\/\/diarionews.com.br\/index.php?rest_route=%2Fwp%2Fv2%2Ftags&post=3982"}],"curies":[{"name":"wp","href":"https:\/\/api.w.org\/{rel}","templated":true}]}}