{"id":3976,"date":"2026-01-31T08:23:07","date_gmt":"2026-01-31T12:23:07","guid":{"rendered":"https:\/\/diarionews.com.br\/?p=3976"},"modified":"2026-01-31T08:23:08","modified_gmt":"2026-01-31T12:23:08","slug":"homem-agride-esposa-com-capacete-e-foge-com-bebe-de-sete-meses-em-colider","status":"publish","type":"post","link":"https:\/\/diarionews.com.br\/?p=3976","title":{"rendered":"Homem agride esposa com capacete e foge com beb\u00ea de sete meses em Col\u00edder"},"content":{"rendered":"\n<p>A Pol\u00edcia Militar de Col\u00edder registrou uma ocorr\u00eancia de les\u00e3o corporal e apreens\u00e3o de armas de fogo na madrugada desta sexta-feira, no bairro Maria Ant\u00f4nia. A v\u00edtima, uma mulher de 26 anos, acionou a guarni\u00e7\u00e3o ap\u00f3s ser agredida fisicamente pelo marido. Segundo o relato, o agressor utilizou um capacete para desferir golpes contra a esposa. Para escapar da viol\u00eancia, a mulher fugiu para a rua acompanhada de duas filhas e buscou ref\u00fagio em um gin\u00e1sio de esportes das proximidades at\u00e9 a chegada dos policiais.<\/p>\n\n\n\n<p>Ao prestarem socorro \u00e0 v\u00edtima, os militares foram informados de que o suspeito permaneceu na resid\u00eancia do casal com o terceiro filho, um beb\u00ea de apenas sete meses de idade. A equipe deslocou-se imediatamente at\u00e9 o im\u00f3vel na Rua Jasmim, por\u00e9m, ao chegarem ao local, constataram que o agressor j\u00e1 havia foragido, levando a crian\u00e7a consigo. Buscas foram realizadas na regi\u00e3o, mas o paradeiro do homem e do beb\u00ea n\u00e3o foi localizado at\u00e9 o fechamento do registro policial.<\/p>\n\n\n\n<p>Durante a vistoria na resid\u00eancia, a v\u00edtima indicou aos policiais a exist\u00eancia de armamento ilegal no local. A guarni\u00e7\u00e3o localizou e apreendeu duas espingardas sem numera\u00e7\u00e3o, que pertenciam ao suspeito. As armas foram recolhidas e encaminhadas \u00e0 Delegacia de Pol\u00edcia Civil de Col\u00edder para as provid\u00eancias cab\u00edveis. O caso segue sob investiga\u00e7\u00e3o, e as autoridades trabalham para localizar o agressor e garantir a seguran\u00e7a da crian\u00e7a.<\/p>\n\n\n\n<pre class=\"wp-block-verse\"><strong>Reda\u00e7\u00e3o<br>Di\u00e1rio News<\/strong><\/pre>\n","protected":false},"excerpt":{"rendered":"<p>A Pol\u00edcia Militar de Col\u00edder registrou uma ocorr\u00eancia de les\u00e3o corporal e apreens\u00e3o de armas de fogo na madrugada desta sexta-feira, no bairro Maria Ant\u00f4nia. A v\u00edtima, uma mulher de 26 anos, acionou a guarni\u00e7\u00e3o ap\u00f3s ser agredida fisicamente pelo marido. Segundo o relato, o agressor utilizou um capacete para desferir golpes contra a esposa. [&hellip;]<\/p>\n","protected":false},"author":3,"featured_media":3977,"comment_status":"open","ping_status":"open","sticky":false,"template":"","format":"standard","meta":{"footnotes":""},"categories":[6],"tags":[89,93,1216],"class_list":["post-3976","post","type-post","status-publish","format-standard","has-post-thumbnail","hentry","category-local","tag-altafloresta","tag-policiamilitar","tag-violencia-domestica"],"_links":{"self":[{"href":"https:\/\/diarionews.com.br\/index.php?rest_route=\/wp\/v2\/posts\/3976","targetHints":{"allow":["GET"]}}],"collection":[{"href":"https:\/\/diarionews.com.br\/index.php?rest_route=\/wp\/v2\/posts"}],"about":[{"href":"https:\/\/diarionews.com.br\/index.php?rest_route=\/wp\/v2\/types\/post"}],"author":[{"embeddable":true,"href":"https:\/\/diarionews.com.br\/index.php?rest_route=\/wp\/v2\/users\/3"}],"replies":[{"embeddable":true,"href":"https:\/\/diarionews.com.br\/index.php?rest_route=%2Fwp%2Fv2%2Fcomments&post=3976"}],"version-history":[{"count":1,"href":"https:\/\/diarionews.com.br\/index.php?rest_route=\/wp\/v2\/posts\/3976\/revisions"}],"predecessor-version":[{"id":3978,"href":"https:\/\/diarionews.com.br\/index.php?rest_route=\/wp\/v2\/posts\/3976\/revisions\/3978"}],"wp:featuredmedia":[{"embeddable":true,"href":"https:\/\/diarionews.com.br\/index.php?rest_route=\/wp\/v2\/media\/3977"}],"wp:attachment":[{"href":"https:\/\/diarionews.com.br\/index.php?rest_route=%2Fwp%2Fv2%2Fmedia&parent=3976"}],"wp:term":[{"taxonomy":"category","embeddable":true,"href":"https:\/\/diarionews.com.br\/index.php?rest_route=%2Fwp%2Fv2%2Fcategories&post=3976"},{"taxonomy":"post_tag","embeddable":true,"href":"https:\/\/diarionews.com.br\/index.php?rest_route=%2Fwp%2Fv2%2Ftags&post=3976"}],"curies":[{"name":"wp","href":"https:\/\/api.w.org\/{rel}","templated":true}]}}