{"id":3973,"date":"2026-01-31T08:12:03","date_gmt":"2026-01-31T12:12:03","guid":{"rendered":"https:\/\/diarionews.com.br\/?p=3973"},"modified":"2026-01-31T08:19:09","modified_gmt":"2026-01-31T12:19:09","slug":"homem-e-detido-por-desacato-e-resistencia-apos-confusao-em-loja-de-celulares","status":"publish","type":"post","link":"https:\/\/diarionews.com.br\/?p=3973","title":{"rendered":"Homem \u00e9 detido por desacato e resist\u00eancia ap\u00f3s confus\u00e3o em loja de celulares"},"content":{"rendered":"\n<p>A Pol\u00edcia Militar de Alta Floresta efetuou a pris\u00e3o de um homem de 27 anos na Avenida Ludovico da Riva, ap\u00f3s ser acionada para conter uma situa\u00e7\u00e3o de perturba\u00e7\u00e3o em um estabelecimento comercial no centro de Alta Floresta. De acordo com o relato da comunicante, o suspeito estaria agindo de forma ofensiva e perturbando o expediente da loja, al\u00e9m de incomodar outros clientes presentes. A motiva\u00e7\u00e3o da desordem seria uma insatisfa\u00e7\u00e3o do indiv\u00edduo em rela\u00e7\u00e3o \u00e0 garantia de um aparelho smartphone adquirido recentemente no local.<\/p>\n\n\n\n<p>No momento da abordagem policial, a guarni\u00e7\u00e3o constatou que o homem apresentava sinais vis\u00edveis de embriaguez. Ao ser interpelado pelos militares, o suspeito passou a proferir frases de baixo cal\u00e3o contra os agentes, configurando o crime de desacato. Diante do comportamento hostil e da agressividade verbal, a equipe decidiu pela condu\u00e7\u00e3o do indiv\u00edduo at\u00e9 a unidade policial, momento em que houve resist\u00eancia f\u00edsica por parte do detido.<\/p>\n\n\n\n<p>Para garantir a seguran\u00e7a da opera\u00e7\u00e3o e a imobiliza\u00e7\u00e3o do suspeito, os policiais precisaram utilizar for\u00e7a proporcional para coloc\u00e1-lo no compartimento de transporte da viatura. O homem foi levado inicialmente ao quartel do 9\u00ba Comando Regional para a elabora\u00e7\u00e3o do registro policial e, posteriormente, encaminhado \u00e0 Delegacia de Pol\u00edcia Civil de Alta Floresta. O caso foi registrado como perturba\u00e7\u00e3o do sossego alheio, resist\u00eancia, embriaguez e desacato, ficando o suspeito \u00e0 disposi\u00e7\u00e3o das autoridades competentes.<\/p>\n\n\n\n<pre class=\"wp-block-verse\"><strong>Reda\u00e7\u00e3o<br>Di\u00e1rio News<\/strong><\/pre>\n","protected":false},"excerpt":{"rendered":"<p>A Pol\u00edcia Militar de Alta Floresta efetuou a pris\u00e3o de um homem de 27 anos na Avenida Ludovico da Riva, ap\u00f3s ser acionada para conter uma situa\u00e7\u00e3o de perturba\u00e7\u00e3o em um estabelecimento comercial no centro de Alta Floresta. De acordo com o relato da comunicante, o suspeito estaria agindo de forma ofensiva e perturbando o [&hellip;]<\/p>\n","protected":false},"author":3,"featured_media":1737,"comment_status":"open","ping_status":"open","sticky":false,"template":"","format":"standard","meta":{"footnotes":""},"categories":[14],"tags":[89,93,718],"class_list":["post-3973","post","type-post","status-publish","format-standard","has-post-thumbnail","hentry","category-policia","tag-altafloresta","tag-policiamilitar","tag-matogrosso"],"_links":{"self":[{"href":"https:\/\/diarionews.com.br\/index.php?rest_route=\/wp\/v2\/posts\/3973","targetHints":{"allow":["GET"]}}],"collection":[{"href":"https:\/\/diarionews.com.br\/index.php?rest_route=\/wp\/v2\/posts"}],"about":[{"href":"https:\/\/diarionews.com.br\/index.php?rest_route=\/wp\/v2\/types\/post"}],"author":[{"embeddable":true,"href":"https:\/\/diarionews.com.br\/index.php?rest_route=\/wp\/v2\/users\/3"}],"replies":[{"embeddable":true,"href":"https:\/\/diarionews.com.br\/index.php?rest_route=%2Fwp%2Fv2%2Fcomments&post=3973"}],"version-history":[{"count":2,"href":"https:\/\/diarionews.com.br\/index.php?rest_route=\/wp\/v2\/posts\/3973\/revisions"}],"predecessor-version":[{"id":3975,"href":"https:\/\/diarionews.com.br\/index.php?rest_route=\/wp\/v2\/posts\/3973\/revisions\/3975"}],"wp:featuredmedia":[{"embeddable":true,"href":"https:\/\/diarionews.com.br\/index.php?rest_route=\/wp\/v2\/media\/1737"}],"wp:attachment":[{"href":"https:\/\/diarionews.com.br\/index.php?rest_route=%2Fwp%2Fv2%2Fmedia&parent=3973"}],"wp:term":[{"taxonomy":"category","embeddable":true,"href":"https:\/\/diarionews.com.br\/index.php?rest_route=%2Fwp%2Fv2%2Fcategories&post=3973"},{"taxonomy":"post_tag","embeddable":true,"href":"https:\/\/diarionews.com.br\/index.php?rest_route=%2Fwp%2Fv2%2Ftags&post=3973"}],"curies":[{"name":"wp","href":"https:\/\/api.w.org\/{rel}","templated":true}]}}