{"id":3853,"date":"2026-01-29T07:00:00","date_gmt":"2026-01-29T11:00:00","guid":{"rendered":"https:\/\/diarionews.com.br\/?p=3853"},"modified":"2026-01-28T15:53:35","modified_gmt":"2026-01-28T19:53:35","slug":"anvisa-aprova-cultivo-de-cannabis-por-empresas-e-amplia-acesso","status":"publish","type":"post","link":"https:\/\/diarionews.com.br\/?p=3853","title":{"rendered":"Anvisa aprova cultivo de cannabis por empresas e amplia acesso"},"content":{"rendered":"\n<h3 class=\"wp-block-heading has-text-align-center\"><strong><em>Farm\u00e1cias de manipula\u00e7\u00e3o poder\u00e3o vender produtos \u00e0 base da planta<\/em><\/strong><\/h3>\n\n\n\n<p><strong>A Ag\u00eancia Nacional de Vigil\u00e2ncia Sanit\u00e1ria (Anvisa) aprovou nesta quarta-feira (28) uma resolu\u00e7\u00e3o que amplia o uso de terapias \u00e0 base de cannabis<\/strong>. Com a norma, fica&nbsp;autorizada&nbsp;a venda do canabidiol em farm\u00e1cias de manipula\u00e7\u00e3o e o cultivo&nbsp;da planta no pa\u00eds \u2014 por pessoas jur\u00eddicas \u2014 voltada para a fabrica\u00e7\u00e3o de medicamentos e outros produtos aprovados.<img decoding=\"async\" src=\"https:\/\/agenciabrasil.ebc.com.br\/ebc.png?id=1676328&amp;o=node\"><img decoding=\"async\" src=\"https:\/\/agenciabrasil.ebc.com.br\/ebc.gif?id=1676328&amp;o=node\"><\/p>\n\n\n\n<p><strong>A partir desta nova resolu\u00e7\u00e3o do \u00f3rg\u00e3o fica permitida a comercializa\u00e7\u00e3o de medicamentos usados via bucal, sublingual e dermatol\u00f3gica.<\/strong><\/p>\n\n\n\n<p>Outra possibilidade que se abre \u00e9 a importa\u00e7\u00e3o da planta ou do&nbsp;extrato dela para a fabrica\u00e7\u00e3o de medicamentos.<\/p>\n\n\n\n<p>Tamb\u00e9m ficou decidido na reuni\u00e3o da Anvisa um limite de at\u00e9 0,3% de THC (Tetrahidrocanabinol), composto da planta, tanto para materiais importados como para adquiridos. O THC \u00e9 usado para tratamento de pessoas que vivem com&nbsp;diversas doen\u00e7as debilitantes e cr\u00f4nicas.<\/p>\n\n\n\n<p>As mudan\u00e7as nas regras do uso da cannabis no pa\u00eds atendem a&nbsp;pedido do Superior Tribuna Federal (STF) que, no fim do ano passado, determinou que a Anvisa regulamentasse o uso da planta desde que com fins medicinais.<\/p>\n\n\n\n<p><strong>Otimismo<\/strong><\/p>\n\n\n\n<p>A tomada de mais um passo na&nbsp;regulamenta\u00e7\u00e3o da cannabis sativa como medicamento e objeto de pesquisa, em processo conduzido hoje, em Bras\u00edlia, pela Anvisa, divide opini\u00f5es de especialistas. Embora haja&nbsp;otimismo&nbsp;de parcela significativa das entidades que levantam a bandeira, outras t\u00eam&nbsp;ressalvas e cr\u00edticas pontuais.<\/p>\n\n\n\n<p>Emilio Figueiredo, que participou da cria\u00e7\u00e3o da primeira associa\u00e7\u00e3o do pa\u00eds pensada para garantir o acesso de pacientes a medicamentos can\u00e1bicos, celebra o avan\u00e7o no debate e na concep\u00e7\u00e3o do ato normativo. &#8220;Foi muito interessante e surpreendente abrirem para a escuta&#8221;, afirmou o advogado, observando ser uma iniciativa in\u00e9dita.<\/p>\n\n\n\n<p>Cofundador da Rede Jur\u00eddica pela Reforma da Pol\u00edtica de Drogas, Figueiredo aponta como maior tend\u00eancia, a partir de agora, mais lucidez e assertividade sobre as solu\u00e7\u00f5es de amplia\u00e7\u00e3o do acesso. Ele comenta, ainda,&nbsp;o poder de atra\u00e7\u00e3o da cannabis em diversos c\u00edrculos, independentemente da posi\u00e7\u00e3o pol\u00edtica-ideol\u00f3gica, de modo que &#8220;a gente n\u00e3o tem nenhum modelo em que as pessoas se re\u00fanem da mesma forma&#8221;.<\/p>\n\n\n\n<p>Um dos representantes de associa\u00e7\u00f5es que tomaram a palavra durante a reuni\u00e3o desta manh\u00e3, Jair Pereira Barbosa J\u00fanior, da Federa\u00e7\u00e3o das Associa\u00e7\u00f5es de Cannabis Terap\u00eautica (Fact), de Alto Para\u00edso (GO), salientou&nbsp;a capacidade de auto-organiza\u00e7\u00e3o do movimento associativo e a inseguran\u00e7a jur\u00eddica&nbsp;que a regulamenta\u00e7\u00e3o poderia atenuar.<\/p>\n\n\n\n<p><strong>Ader\u00eancia \u00e0 cannabis no Brasil<\/strong><\/p>\n\n\n\n<p>Apesar dos obst\u00e1culos para obten\u00e7\u00e3o dos rem\u00e9dios \u00e0 base de cannabis,&nbsp;o Brasil da atualidade j\u00e1 soma 873 mil pessoas em tratamento, como documenta a \u00faltima vers\u00e3o do anu\u00e1rio da Kaya Mind, de 2025.&nbsp;O n\u00famero \u00e9 recorde e aparece ap\u00f3s uma curva ascendente, ano ap\u00f3s ano.<\/p>\n\n\n\n<p>No total, h\u00e1&nbsp;315 associa\u00e7\u00f5es provedoras de cannabis medicinal, das quais 47 conquistaram avan\u00e7os judiciais para cultivo. Ao todo, foram identificadas pela Kaya Mind 27 hectares de plantio mantido por essas organiza\u00e7\u00f5es.<\/p>\n\n\n\n<p>O faturamento anual tamb\u00e9m \u00e9 uma demonstra\u00e7\u00e3o da maior aceita\u00e7\u00e3o desse tipo de subst\u00e2ncia.&nbsp;Em 2025, houve uma alta de 8,4% na compara\u00e7\u00e3o com 2024, chegando a R$ 971 milh\u00f5es.&nbsp;Por seu potencial de mercado, o Brasil sedia a&nbsp;ExpoCannabis&nbsp;(https:\/\/expocannabisbrasil.com\/), que, ano passado, realizou sua terceira edi\u00e7\u00e3o.<\/p>\n\n\n\n<p>A propor\u00e7\u00e3o \u00e9 de&nbsp;cerca de 2,7 m\u00e9dicos que prescrevem medicamentos can\u00e1bicos para cada 10 mil pacientes, com uma m\u00e9dia que fica entre 5,9 mil e 15.100 profissionais da sa\u00fade receitando mensalmente. Se, entre m\u00e9dicos, tem havido populariza\u00e7\u00e3o,&nbsp;dentistas&nbsp;t\u00eam tido mais resist\u00eancia.&nbsp;Apenas 0,2% deles os indicam aos pacientes que atendem.<br>Desde 2015, ao menos R$ 377,7 milh\u00f5es foram gastos com fornecimento p\u00fablico de produtos \u00e0 base de cannabis e somente cinco estados ainda n\u00e3o t\u00eam leis de fornecimento p\u00fablico de cannabis medicinal. Al\u00e9m disso,&nbsp;oito em cada dez (85%) dos munic\u00edpios&nbsp;brasileiros j\u00e1 tiveram ao menos um paciente tratado com cannabis desde 2019. O relat\u00f3rio ressalta o encaminhamento, por 68 empresas, de 210 pedidos de Autoriza\u00e7\u00e3o Sanit\u00e1ria pela Resolu\u00e7\u00e3o de Diretoria Colegiada (RDC) 327\/19 desde 2020, com aprova\u00e7\u00e3o de 24 foram delas.<\/p>\n\n\n\n<p><em>*Com informa\u00e7\u00f5es de Letycia Bond<\/em><br>Ag\u00eancia Brasil<\/p>\n","protected":false},"excerpt":{"rendered":"<p>Farm\u00e1cias de manipula\u00e7\u00e3o poder\u00e3o vender produtos \u00e0 base da planta A Ag\u00eancia Nacional de Vigil\u00e2ncia Sanit\u00e1ria (Anvisa) aprovou nesta quarta-feira (28) uma resolu\u00e7\u00e3o que amplia o uso de terapias \u00e0 base de cannabis. Com a norma, fica&nbsp;autorizada&nbsp;a venda do canabidiol em farm\u00e1cias de manipula\u00e7\u00e3o e o cultivo&nbsp;da planta no pa\u00eds \u2014 por pessoas jur\u00eddicas \u2014 [&hellip;]<\/p>\n","protected":false},"author":3,"featured_media":3854,"comment_status":"open","ping_status":"open","sticky":false,"template":"","format":"standard","meta":{"footnotes":""},"categories":[12],"tags":[1018,1182],"class_list":["post-3853","post","type-post","status-publish","format-standard","has-post-thumbnail","hentry","category-nacionais","tag-anvisa","tag-cultivo-de-cannabis"],"_links":{"self":[{"href":"https:\/\/diarionews.com.br\/index.php?rest_route=\/wp\/v2\/posts\/3853","targetHints":{"allow":["GET"]}}],"collection":[{"href":"https:\/\/diarionews.com.br\/index.php?rest_route=\/wp\/v2\/posts"}],"about":[{"href":"https:\/\/diarionews.com.br\/index.php?rest_route=\/wp\/v2\/types\/post"}],"author":[{"embeddable":true,"href":"https:\/\/diarionews.com.br\/index.php?rest_route=\/wp\/v2\/users\/3"}],"replies":[{"embeddable":true,"href":"https:\/\/diarionews.com.br\/index.php?rest_route=%2Fwp%2Fv2%2Fcomments&post=3853"}],"version-history":[{"count":1,"href":"https:\/\/diarionews.com.br\/index.php?rest_route=\/wp\/v2\/posts\/3853\/revisions"}],"predecessor-version":[{"id":3855,"href":"https:\/\/diarionews.com.br\/index.php?rest_route=\/wp\/v2\/posts\/3853\/revisions\/3855"}],"wp:featuredmedia":[{"embeddable":true,"href":"https:\/\/diarionews.com.br\/index.php?rest_route=\/wp\/v2\/media\/3854"}],"wp:attachment":[{"href":"https:\/\/diarionews.com.br\/index.php?rest_route=%2Fwp%2Fv2%2Fmedia&parent=3853"}],"wp:term":[{"taxonomy":"category","embeddable":true,"href":"https:\/\/diarionews.com.br\/index.php?rest_route=%2Fwp%2Fv2%2Fcategories&post=3853"},{"taxonomy":"post_tag","embeddable":true,"href":"https:\/\/diarionews.com.br\/index.php?rest_route=%2Fwp%2Fv2%2Ftags&post=3853"}],"curies":[{"name":"wp","href":"https:\/\/api.w.org\/{rel}","templated":true}]}}