{"id":3850,"date":"2026-01-29T06:30:00","date_gmt":"2026-01-29T10:30:00","guid":{"rendered":"https:\/\/diarionews.com.br\/?p=3850"},"modified":"2026-01-28T15:50:22","modified_gmt":"2026-01-28T19:50:22","slug":"ananindeua-no-para-tem-surto-de-casos-da-doenca-de-chagas","status":"publish","type":"post","link":"https:\/\/diarionews.com.br\/?p=3850","title":{"rendered":"Ananindeua, no Par\u00e1, tem surto de casos da doen\u00e7a de Chagas"},"content":{"rendered":"\n<h3 class=\"wp-block-heading has-text-align-center\"><em><strong>Munic\u00edpio teve quatro mortes e 14 casos em janeiro<\/strong><\/em><\/h3>\n\n\n\n<p><strong>Ap\u00f3s registrar quatro mortes e cerca de 14 casos vinculados \u00e0 doen\u00e7a de chagas em janeiro, o Minist\u00e9rio da Sa\u00fade mudou a classifica\u00e7\u00e3o para surto, por causa do aumento no n\u00famero de ocorr\u00eancias da doen\u00e7a em Ananindeua, no Par\u00e1.<\/strong><img decoding=\"async\" src=\"https:\/\/agenciabrasil.ebc.com.br\/ebc.png?id=1676331&amp;o=node\"><img decoding=\"async\" src=\"https:\/\/agenciabrasil.ebc.com.br\/ebc.gif?id=1676331&amp;o=node\"><\/p>\n\n\n\n<p>As mortes ocorridas este m\u00eas, entre elas, a de uma menina de 11 anos, j\u00e1 superam o n\u00famero total somado dos \u00faltimos cinco anos na cidade. J\u00e1 o n\u00famero de casos supera em 30% os notificados no mesmo per\u00edodo do ano passado. Em todo o ano de 2025 foram registrados 45 casos e 26 deles foram confirmados em dezembro.&nbsp;&nbsp;<\/p>\n\n\n\n<p>A Secretaria Municipal de Sa\u00fade informou que segue os protocolos do Minist\u00e9rio da Sa\u00fade, com apoio t\u00e9cnico do Instituto Evandro Chagas, e que monitora outros 40 casos suspeitos.&nbsp;<\/p>\n\n\n\n<p><strong>De acordo com a prefeitura de Ananindeua, cerca de 200 agentes comunit\u00e1rios percorrem moradias de porta em porta, refor\u00e7ando orienta\u00e7\u00f5es de sa\u00fade.&nbsp;<\/strong>No bairro Cidade Nova, cerca de duas mil fam\u00edlias receberam os agentes.<\/p>\n\n\n\n<p><strong>Em nota, o Minist\u00e9rio da Sa\u00fade identifica o cen\u00e1rio na cidade como um \u201csurto associado \u00e0 transmiss\u00e3o oral\u201d, que ainda est\u00e1 em investiga\u00e7\u00e3o por equipe de v\u00e1rios \u00f3rg\u00e3os,&nbsp;<\/strong>entre eles a Secretaria Estadual de Sa\u00fade do Par\u00e1, a Anvisa e o os Centros de Informa\u00e7\u00f5es Estrat\u00e9gicas em Vigil\u00e2ncia em Sa\u00fade.<\/p>\n\n\n\n<p><strong>A doen\u00e7a de Chagas \u00e9 transmitida principalmente pelo consumo de alimentos contaminados com fezes do inseto barbeiro. Na regi\u00e3o de Ananindeua, o cuidado com o manejo do a\u00e7a\u00ed \u00e9 a principal barreira contra a doen\u00e7a, segundo a Secretaria Municipal de Sa\u00fade.<\/strong><\/p>\n\n\n\n<p>Uma das iniciativas que busca fechar esta porta de contamina\u00e7\u00e3o \u00e9 a Casa do A\u00e7a\u00ed. O projeto de qualifica\u00e7\u00e3o profissional e seguran\u00e7a alimentar desenvolvido pela prefeitura capacita sobre as boas pr\u00e1ticas da manipula\u00e7\u00e3o do a\u00e7a\u00ed, seja para comercializa\u00e7\u00e3o ou consumo dom\u00e9stico. Em 2025, 840 pessoas foram capacitadas. Em 2026, 130 trabalhadores j\u00e1 passaram pelo curso at\u00e9 o momento, com continuidade e calend\u00e1rios j\u00e1 previstos para fevereiro e mar\u00e7o.<\/p>\n\n\n\n<p>A Vigil\u00e2ncia em Sa\u00fade mant\u00e9m um canal interativo para den\u00fancias ou d\u00favidas, funcionando de segunda a sexta, das 8h \u00e0s 18h atrav\u00e9s do n\u00famero de Whatsapp (91) 98051-1967.<\/p>\n\n\n\n<p><strong>MADSON EULER \u2013 REP\u00d3RTER DA R\u00c1DIO NACIONAL<\/strong><\/p>\n","protected":false},"excerpt":{"rendered":"<p>Munic\u00edpio teve quatro mortes e 14 casos em janeiro Ap\u00f3s registrar quatro mortes e cerca de 14 casos vinculados \u00e0 doen\u00e7a de chagas em janeiro, o Minist\u00e9rio da Sa\u00fade mudou a classifica\u00e7\u00e3o para surto, por causa do aumento no n\u00famero de ocorr\u00eancias da doen\u00e7a em Ananindeua, no Par\u00e1. As mortes ocorridas este m\u00eas, entre elas, [&hellip;]<\/p>\n","protected":false},"author":3,"featured_media":3851,"comment_status":"open","ping_status":"open","sticky":false,"template":"","format":"standard","meta":{"footnotes":""},"categories":[2],"tags":[1179,956,1180,1181],"class_list":["post-3850","post","type-post","status-publish","format-standard","has-post-thumbnail","hentry","category-saude","tag-doenca-de-chagas","tag-importante","tag-surto","tag-transmissao-oral"],"_links":{"self":[{"href":"https:\/\/diarionews.com.br\/index.php?rest_route=\/wp\/v2\/posts\/3850","targetHints":{"allow":["GET"]}}],"collection":[{"href":"https:\/\/diarionews.com.br\/index.php?rest_route=\/wp\/v2\/posts"}],"about":[{"href":"https:\/\/diarionews.com.br\/index.php?rest_route=\/wp\/v2\/types\/post"}],"author":[{"embeddable":true,"href":"https:\/\/diarionews.com.br\/index.php?rest_route=\/wp\/v2\/users\/3"}],"replies":[{"embeddable":true,"href":"https:\/\/diarionews.com.br\/index.php?rest_route=%2Fwp%2Fv2%2Fcomments&post=3850"}],"version-history":[{"count":1,"href":"https:\/\/diarionews.com.br\/index.php?rest_route=\/wp\/v2\/posts\/3850\/revisions"}],"predecessor-version":[{"id":3852,"href":"https:\/\/diarionews.com.br\/index.php?rest_route=\/wp\/v2\/posts\/3850\/revisions\/3852"}],"wp:featuredmedia":[{"embeddable":true,"href":"https:\/\/diarionews.com.br\/index.php?rest_route=\/wp\/v2\/media\/3851"}],"wp:attachment":[{"href":"https:\/\/diarionews.com.br\/index.php?rest_route=%2Fwp%2Fv2%2Fmedia&parent=3850"}],"wp:term":[{"taxonomy":"category","embeddable":true,"href":"https:\/\/diarionews.com.br\/index.php?rest_route=%2Fwp%2Fv2%2Fcategories&post=3850"},{"taxonomy":"post_tag","embeddable":true,"href":"https:\/\/diarionews.com.br\/index.php?rest_route=%2Fwp%2Fv2%2Ftags&post=3850"}],"curies":[{"name":"wp","href":"https:\/\/api.w.org\/{rel}","templated":true}]}}