{"id":3840,"date":"2026-01-29T05:50:00","date_gmt":"2026-01-29T09:50:00","guid":{"rendered":"https:\/\/diarionews.com.br\/?p=3840"},"modified":"2026-01-28T14:44:10","modified_gmt":"2026-01-28T18:44:10","slug":"mti-lanca-revista-anual-2025-com-balanco-das-principais-entregas-e-conquistas","status":"publish","type":"post","link":"https:\/\/diarionews.com.br\/?p=3840","title":{"rendered":"MTI lan\u00e7a revista anual 2025 com balan\u00e7o das principais entregas e conquistas"},"content":{"rendered":"\n<h3 class=\"wp-block-heading has-text-align-center\"><em><strong>Publica\u00e7\u00e3o digital mostra os avan\u00e7os tecnol\u00f3gicos e o impacto das solu\u00e7\u00f5es desenvolvidas para o Governo de Mato Grosso no \u00faltimo ano<\/strong><\/em><\/h3>\n\n\n\n<p>A Empresa Mato-grossense de Tecnologia da Informa\u00e7\u00e3o (MTI) lan\u00e7ou, nesta quarta-feira (28.1), a Revista MTI 2025. A publica\u00e7\u00e3o digital apresenta um panorama das principais entregas, avan\u00e7os tecnol\u00f3gicos e conquistas alcan\u00e7adas pela institui\u00e7\u00e3o ao longo do \u00faltimo ano.<\/p>\n\n\n\n<p>O material consolida-se como uma ferramenta de transpar\u00eancia e presta\u00e7\u00e3o de contas, permitindo que o cidad\u00e3o acompanhe de perto a evolu\u00e7\u00e3o da estrat\u00e9gia digital do Governo de Mato Grosso. A edi\u00e7\u00e3o destaca projetos de expressivo impacto social e a expans\u00e3o de servi\u00e7os que visam facilitar a vida do cidad\u00e3o, tornando a gest\u00e3o p\u00fablica mais \u00e1gil, conectada e inteligente.<\/p>\n\n\n\n<p>Para o presidente da MTI, Cleberson Gomes, a revista reflete um esfor\u00e7o coletivo voltado \u00e0 gera\u00e7\u00e3o de valor p\u00fablico e ao fortalecimento da cultura de resultados.<\/p>\n\n\n\n<p>&#8220;O ano de 2025 foi marcado por muito trabalho e evolu\u00e7\u00e3o. A revista re\u00fane algumas entregas que materializam o compromisso de nossas equipes em prover solu\u00e7\u00f5es digitais est\u00e1veis e seguras. Esses avan\u00e7os foram viabilizados pelas parcerias com os \u00f3rg\u00e3os do Estado de MT que, sob a lideran\u00e7a do Governador Mauro Mendes, est\u00e3o focados na efici\u00eancia e na melhoria real para a sociedade. Encerramos este ciclo convictos de que a MTI desempenha seu papel estrat\u00e9gico e corporativo buscando a excel\u00eancia, utilizando a tecnologia para fazer a diferen\u00e7a no dia a dia do Estado e do cidad\u00e3o&#8221;, pontua o presidente.<\/p>\n\n\n\n<p><strong>Onde ler?<\/strong><br><br>A Revista MTI 2025 est\u00e1 dispon\u00edvel para leitura em formato digital no portal oficial da empresa no menu Imprensa&gt;Revista.&nbsp;<a href=\"https:\/\/www.mti.mt.gov.br\/documents\/d\/mti\/revista-mti-2025-pdf\" target=\"_blank\" rel=\"noopener\">Clique aqui<\/a>&nbsp;para acessar.<\/p>\n\n\n\n<p>Gabriela Boscov\u00a0|\u00a0MTI<br><\/p>\n","protected":false},"excerpt":{"rendered":"<p>Publica\u00e7\u00e3o digital mostra os avan\u00e7os tecnol\u00f3gicos e o impacto das solu\u00e7\u00f5es desenvolvidas para o Governo de Mato Grosso no \u00faltimo ano A Empresa Mato-grossense de Tecnologia da Informa\u00e7\u00e3o (MTI) lan\u00e7ou, nesta quarta-feira (28.1), a Revista MTI 2025. A publica\u00e7\u00e3o digital apresenta um panorama das principais entregas, avan\u00e7os tecnol\u00f3gicos e conquistas alcan\u00e7adas pela institui\u00e7\u00e3o ao longo [&hellip;]<\/p>\n","protected":false},"author":3,"featured_media":3841,"comment_status":"open","ping_status":"open","sticky":false,"template":"","format":"standard","meta":{"footnotes":""},"categories":[20],"tags":[718,1177],"class_list":["post-3840","post","type-post","status-publish","format-standard","has-post-thumbnail","hentry","category-economia","tag-matogrosso","tag-mti"],"_links":{"self":[{"href":"https:\/\/diarionews.com.br\/index.php?rest_route=\/wp\/v2\/posts\/3840","targetHints":{"allow":["GET"]}}],"collection":[{"href":"https:\/\/diarionews.com.br\/index.php?rest_route=\/wp\/v2\/posts"}],"about":[{"href":"https:\/\/diarionews.com.br\/index.php?rest_route=\/wp\/v2\/types\/post"}],"author":[{"embeddable":true,"href":"https:\/\/diarionews.com.br\/index.php?rest_route=\/wp\/v2\/users\/3"}],"replies":[{"embeddable":true,"href":"https:\/\/diarionews.com.br\/index.php?rest_route=%2Fwp%2Fv2%2Fcomments&post=3840"}],"version-history":[{"count":1,"href":"https:\/\/diarionews.com.br\/index.php?rest_route=\/wp\/v2\/posts\/3840\/revisions"}],"predecessor-version":[{"id":3842,"href":"https:\/\/diarionews.com.br\/index.php?rest_route=\/wp\/v2\/posts\/3840\/revisions\/3842"}],"wp:featuredmedia":[{"embeddable":true,"href":"https:\/\/diarionews.com.br\/index.php?rest_route=\/wp\/v2\/media\/3841"}],"wp:attachment":[{"href":"https:\/\/diarionews.com.br\/index.php?rest_route=%2Fwp%2Fv2%2Fmedia&parent=3840"}],"wp:term":[{"taxonomy":"category","embeddable":true,"href":"https:\/\/diarionews.com.br\/index.php?rest_route=%2Fwp%2Fv2%2Fcategories&post=3840"},{"taxonomy":"post_tag","embeddable":true,"href":"https:\/\/diarionews.com.br\/index.php?rest_route=%2Fwp%2Fv2%2Ftags&post=3840"}],"curies":[{"name":"wp","href":"https:\/\/api.w.org\/{rel}","templated":true}]}}