{"id":3834,"date":"2026-01-29T05:30:00","date_gmt":"2026-01-29T09:30:00","guid":{"rendered":"https:\/\/diarionews.com.br\/?p=3834"},"modified":"2026-01-28T14:41:27","modified_gmt":"2026-01-28T18:41:27","slug":"prazo-de-inscricao-para-o-prouni-termina-nesta-quinta-feira-29","status":"publish","type":"post","link":"https:\/\/diarionews.com.br\/?p=3834","title":{"rendered":"Prazo de inscri\u00e7\u00e3o para o Prouni termina nesta quinta-feira (29)"},"content":{"rendered":"\n<h3 class=\"wp-block-heading has-text-align-center\"><em><strong>Os participantes podem receber bolsas parciais ou integrais, dependendo da comprova\u00e7\u00e3o de renda<\/strong><\/em><\/h3>\n\n\n\n<p>A Secretaria de Estado de Educa\u00e7\u00e3o de Mato Grosso (Seduc-MT) alerta os estudantes oriundos da rede estadual de ensino e que fizeram o Exame Nacional do Ensino M\u00e9dio (Enem), termina nesta quinta-feira (29.1) o prazo de inscri\u00e7\u00e3o para o Programa Universidade para Todos (Prouni). O programa oferta bolsas de estudo integrais, que correspondem ao valor total da mensalidade do curso, tornando-o totalmente gratuito e parciais, que corresponde a 50% do valor da mensalidade do curso.<\/p>\n\n\n\n<p>Para se inscrever, os candidatos devem ter realizado pelo menos uma das duas \u00faltimas edi\u00e7\u00f5es do Enem, e ter alcan\u00e7ado, no m\u00ednimo, 450 pontos de m\u00e9dia no exame. Al\u00e9m disso, o estudante n\u00e3o pode ter tirado zero na prova de reda\u00e7\u00e3o do Enem e nem ter participado do exame na condi\u00e7\u00e3o de treineiro.<\/p>\n\n\n\n<p>A oferta de bolsas pode ser consultada atrav\u00e9s do&nbsp;<a href=\"https:\/\/acessounico.mec.gov.br\/prouni\" target=\"_blank\" rel=\"noopener\">Portal \u00danico de Acesso ao Ensino Superior<\/a>, clicando na op\u00e7\u00e3o \u2018consulta de bolsas\u2019. No site, os candidatos podem procurar as bolsas pelo nome do curso, por institui\u00e7\u00e3o ou por munic\u00edpio.<\/p>\n\n\n\n<p>Ap\u00f3s inscri\u00e7\u00e3o realizada no&nbsp;<a href=\"https:\/\/prounialuno.mec.gov.br\/\" target=\"_blank\" rel=\"noopener\">Portal Acesso \u00danico<\/a>, os pr\u00e9-selecionados devem comprovar renda familiar bruta mensal, por pessoa, de at\u00e9 1,5 sal\u00e1rio m\u00ednimo para obter bolsa integral. J\u00e1 para receber a bolsa parcial, os participantes devem comprovar renda de at\u00e9 3 sal\u00e1rios m\u00ednimos.<\/p>\n\n\n\n<p>Tamb\u00e9m \u00e9 preciso atender pelo menos uma das seguintes condi\u00e7\u00f5es:<\/p>\n\n\n\n<p>I. Tenha cursado:<\/p>\n\n\n\n<ul class=\"wp-block-list\">\n<li>o ensino m\u00e9dio integralmente em escola da rede p\u00fablica;<\/li>\n\n\n\n<li>o ensino m\u00e9dio integralmente em institui\u00e7\u00e3o privada, na condi\u00e7\u00e3o de bolsista integral da respectiva institui\u00e7\u00e3o;<\/li>\n\n\n\n<li>o ensino m\u00e9dio parcialmente em escola da rede p\u00fablica e parcialmente em institui\u00e7\u00e3o privada, na condi\u00e7\u00e3o de bolsista integral da respectiva institui\u00e7\u00e3o;<\/li>\n\n\n\n<li>o ensino m\u00e9dio parcialmente em escola da rede p\u00fablica e parcialmente em institui\u00e7\u00e3o privada, na condi\u00e7\u00e3o de bolsista parcial da respectiva institui\u00e7\u00e3o ou sem a condi\u00e7\u00e3o de bolsista; e<\/li>\n\n\n\n<li>o ensino m\u00e9dio integralmente em institui\u00e7\u00e3o privada, na condi\u00e7\u00e3o de bolsista parcial da respectiva institui\u00e7\u00e3o ou sem a condi\u00e7\u00e3o de bolsista;<\/li>\n<\/ul>\n\n\n\n<p>II. seja pessoa com defici\u00eancia, na forma prevista na legisla\u00e7\u00e3o; e<\/p>\n\n\n\n<p>III. seja professor da rede p\u00fablica de ensino, exclusivamente para os cursos de licenciatura e pedagogia, destinados \u00e0 forma\u00e7\u00e3o do magist\u00e9rio da educa\u00e7\u00e3o b\u00e1sica. Neste caso n\u00e3o \u00e9 aplicado o limite de renda exigido aos demais candidatos<\/p>\n\n\n\n<p>Cronograma Prouni<\/p>\n\n\n\n<p>Consulta de Bolsas: 19 de janeiro<\/p>\n\n\n\n<p>Inscri\u00e7\u00f5es: 26 a 29 de janeiro<\/p>\n\n\n\n<p>Resultado da 1\u00aa chamada: 3 de fevereiro<\/p>\n\n\n\n<p>La\u00eds Soares\u00a0|\u00a0Seduc-MT<\/p>\n","protected":false},"excerpt":{"rendered":"<p>Os participantes podem receber bolsas parciais ou integrais, dependendo da comprova\u00e7\u00e3o de renda A Secretaria de Estado de Educa\u00e7\u00e3o de Mato Grosso (Seduc-MT) alerta os estudantes oriundos da rede estadual de ensino e que fizeram o Exame Nacional do Ensino M\u00e9dio (Enem), termina nesta quinta-feira (29.1) o prazo de inscri\u00e7\u00e3o para o Programa Universidade para [&hellip;]<\/p>\n","protected":false},"author":3,"featured_media":3835,"comment_status":"open","ping_status":"open","sticky":false,"template":"","format":"standard","meta":{"footnotes":""},"categories":[18],"tags":[352,1175],"class_list":["post-3834","post","type-post","status-publish","format-standard","has-post-thumbnail","hentry","category-estaduais","tag-educacao-2","tag-prouni"],"_links":{"self":[{"href":"https:\/\/diarionews.com.br\/index.php?rest_route=\/wp\/v2\/posts\/3834","targetHints":{"allow":["GET"]}}],"collection":[{"href":"https:\/\/diarionews.com.br\/index.php?rest_route=\/wp\/v2\/posts"}],"about":[{"href":"https:\/\/diarionews.com.br\/index.php?rest_route=\/wp\/v2\/types\/post"}],"author":[{"embeddable":true,"href":"https:\/\/diarionews.com.br\/index.php?rest_route=\/wp\/v2\/users\/3"}],"replies":[{"embeddable":true,"href":"https:\/\/diarionews.com.br\/index.php?rest_route=%2Fwp%2Fv2%2Fcomments&post=3834"}],"version-history":[{"count":1,"href":"https:\/\/diarionews.com.br\/index.php?rest_route=\/wp\/v2\/posts\/3834\/revisions"}],"predecessor-version":[{"id":3837,"href":"https:\/\/diarionews.com.br\/index.php?rest_route=\/wp\/v2\/posts\/3834\/revisions\/3837"}],"wp:featuredmedia":[{"embeddable":true,"href":"https:\/\/diarionews.com.br\/index.php?rest_route=\/wp\/v2\/media\/3835"}],"wp:attachment":[{"href":"https:\/\/diarionews.com.br\/index.php?rest_route=%2Fwp%2Fv2%2Fmedia&parent=3834"}],"wp:term":[{"taxonomy":"category","embeddable":true,"href":"https:\/\/diarionews.com.br\/index.php?rest_route=%2Fwp%2Fv2%2Fcategories&post=3834"},{"taxonomy":"post_tag","embeddable":true,"href":"https:\/\/diarionews.com.br\/index.php?rest_route=%2Fwp%2Fv2%2Ftags&post=3834"}],"curies":[{"name":"wp","href":"https:\/\/api.w.org\/{rel}","templated":true}]}}