{"id":3830,"date":"2026-01-29T05:19:00","date_gmt":"2026-01-29T09:19:00","guid":{"rendered":"https:\/\/diarionews.com.br\/?p=3830"},"modified":"2026-01-28T14:37:36","modified_gmt":"2026-01-28T18:37:36","slug":"cermac-promove-semana-de-conscientizacao-e-combate-a-hanseniase","status":"publish","type":"post","link":"https:\/\/diarionews.com.br\/?p=3830","title":{"rendered":"Cermac promove semana de conscientiza\u00e7\u00e3o e combate \u00e0 hansen\u00edase"},"content":{"rendered":"\n<h3 class=\"wp-block-heading has-text-align-center\"><em>Parceria entre as Secretarias de Sa\u00fade de Cuiab\u00e1 e V\u00e1rzea Grande e a Associa\u00e7\u00e3o dos Fibromi\u00e1lgicos oferece diagn\u00f3stico para pacientes com dor cr\u00f4nica<\/em><\/h3>\n\n\n\n<p>O Centro Estadual de Refer\u00eancia em M\u00e9dia e Alta Complexidade (Cermac), da Secretaria de Estado de Sa\u00fade (SES-MT), promove nesta semana (26 a 30.1) uma campanha de combate \u00e0 hansen\u00edase, com atendimento especializado, qualificado e humanizado de pacientes com dor cr\u00f4nica.<\/p>\n\n\n\n<p>A a\u00e7\u00e3o \u00e9 feita em parceria com as Secretarias Municipais de Sa\u00fade de Cuiab\u00e1 e V\u00e1rzea Grande, a Associa\u00e7\u00e3o Mato-Grossense de Fibromi\u00e1lgicos \u201cDaniel Lenz\u201d (Afibromt-DL), o MT Hemocentro e o Centro de Reabilita\u00e7\u00e3o Integral Dom Aquino Corr\u00eaa (Cridac), e faz parte das a\u00e7\u00f5es do Janeiro Roxo, para alertar a popula\u00e7\u00e3o sobre os sintomas, combater o estigma e a discrimina\u00e7\u00e3o associados \u00e0 doen\u00e7a.<\/p>\n\n\n\n<p>A iniciativa \u00e9 voltada a pacientes com dor cr\u00f4nica h\u00e1 mais de tr\u00eas meses atendidos na Rede de Aten\u00e7\u00e3o \u00e0 Sa\u00fade de Cuiab\u00e1 e V\u00e1rzea Grande e que apresentem suspeita cl\u00ednica ou diagn\u00f3stico de hansen\u00edase ou fibromialgia.<\/p>\n\n\n\n<p>A previs\u00e3o \u00e9 de atender cerca de 200 pacientes que j\u00e1 passaram por triagem da associa\u00e7\u00e3o de fibromialgia e foram encaminhados pelas secretarias de Cuiab\u00e1 e V\u00e1rzea Grande.<\/p>\n\n\n\n<figure class=\"wp-block-image size-large\"><img loading=\"lazy\" decoding=\"async\" width=\"1024\" height=\"768\" src=\"https:\/\/diarionews.com.br\/wp-content\/uploads\/2026\/01\/73fcc8e7219cd55a8406616ec12dd0f9-1024x768.jpg\" alt=\"\" class=\"wp-image-3831\" srcset=\"https:\/\/diarionews.com.br\/wp-content\/uploads\/2026\/01\/73fcc8e7219cd55a8406616ec12dd0f9-1024x768.jpg 1024w, https:\/\/diarionews.com.br\/wp-content\/uploads\/2026\/01\/73fcc8e7219cd55a8406616ec12dd0f9-300x225.jpg 300w, https:\/\/diarionews.com.br\/wp-content\/uploads\/2026\/01\/73fcc8e7219cd55a8406616ec12dd0f9-768x576.jpg 768w, https:\/\/diarionews.com.br\/wp-content\/uploads\/2026\/01\/73fcc8e7219cd55a8406616ec12dd0f9-1536x1152.jpg 1536w, https:\/\/diarionews.com.br\/wp-content\/uploads\/2026\/01\/73fcc8e7219cd55a8406616ec12dd0f9-560x420.jpg 560w, https:\/\/diarionews.com.br\/wp-content\/uploads\/2026\/01\/73fcc8e7219cd55a8406616ec12dd0f9-80x60.jpg 80w, https:\/\/diarionews.com.br\/wp-content\/uploads\/2026\/01\/73fcc8e7219cd55a8406616ec12dd0f9-150x113.jpg 150w, https:\/\/diarionews.com.br\/wp-content\/uploads\/2026\/01\/73fcc8e7219cd55a8406616ec12dd0f9-696x522.jpg 696w, https:\/\/diarionews.com.br\/wp-content\/uploads\/2026\/01\/73fcc8e7219cd55a8406616ec12dd0f9-1068x801.jpg 1068w, https:\/\/diarionews.com.br\/wp-content\/uploads\/2026\/01\/73fcc8e7219cd55a8406616ec12dd0f9-265x198.jpg 265w, https:\/\/diarionews.com.br\/wp-content\/uploads\/2026\/01\/73fcc8e7219cd55a8406616ec12dd0f9.jpg 1600w\" sizes=\"auto, (max-width: 1024px) 100vw, 1024px\" \/><\/figure>\n\n\n\n<p>\u201cOs usu\u00e1rios passar\u00e3o por avalia\u00e7\u00e3o cl\u00ednica de um hansen\u00f3logo no Ambulat\u00f3rio de Dermatologia Sanit\u00e1ria do Cermac, com apoio de equipe multiprofissional especializada, com o objetivo de investigar, confirmar ou excluir o diagn\u00f3stico de hansen\u00edase neural\u201d, explicou a diretora-geral do Cermac, Jocineide Rita dos Santos.<\/p>\n\n\n\n<p>Segundo a diretora, a dor cr\u00f4nica representa um grande desafio para os servi\u00e7os de sa\u00fade, especialmente quando associada a quadros de dif\u00edcil defini\u00e7\u00e3o do diagn\u00f3stico.<\/p>\n\n\n\n<p>\u201cCondi\u00e7\u00f5es como fibromialgia, neuropatias perif\u00e9ricas, doen\u00e7as autoimunes e, em especial, a hansen\u00edase neural podem apresentar sintomas sobrepostos, como dor neurop\u00e1tica, dorm\u00eancia, sensa\u00e7\u00e3o de queima\u00e7\u00e3o e altera\u00e7\u00f5es sensitivas, o que favorece erros diagn\u00f3sticos e atrasos no in\u00edcio do tratamento adequado\u201d, acrescentou.<\/p>\n\n\n\n<p>A for\u00e7a-tarefa da campanha \u201cSentir e Cuidar\u201d \u00e9 composta por dois hansen\u00f3logos, dois enfermeiros e equipes de t\u00e9cnicos e funcion\u00e1rios administrativos do Cermac; quatro m\u00e9dicos, seis enfermeiros e um fisioterapeuta da Prefeitura de Cuiab\u00e1; e um enfermeiro e um fisioterapeuta da Prefeitura de V\u00e1rzea Grande.<\/p>\n\n\n\n<p>Durante os atendimentos, os pacientes ter\u00e3o consultas m\u00e9dicas especializadas em hansen\u00edase e cl\u00ednica de dor para o diagn\u00f3stico e tratamento adequado; teleconsultorias por meio do programa Sa\u00fade Digital Mato Grosso com avalia\u00e7\u00e3o dos especialistas em dor do Cridac e do MT Hemocentro para orienta\u00e7\u00f5es e estrat\u00e9gias; al\u00e9m de exames laboratoriais no MT Hemocentro.<\/p>\n\n\n\n<p>\u201cAtrav\u00e9s desta a\u00e7\u00e3o, haver\u00e1 uma troca de saberes entre equipes m\u00e9dicas e multiprofissionais, principalmente nos diagn\u00f3sticos mais precisos, interven\u00e7\u00f5es terap\u00eauticas mais adequadas e melhoria significativa da qualidade de vida das pessoas com dor cr\u00f4nica persistente\u201d, concluiu a diretora.<\/p>\n\n\n\n<p>Ap\u00f3s os atendimentos, os casos confirmados de hansen\u00edase ser\u00e3o encaminhados para acompanhamento pela Aten\u00e7\u00e3o Prim\u00e1ria \u00e0 Sa\u00fade dos munic\u00edpios de Cuiab\u00e1 e V\u00e1rzea Grande, garantindo a continuidade do tratamento, com o apoio do Cermac, que \u00e9 refer\u00eancia no Estado.<\/p>\n","protected":false},"excerpt":{"rendered":"<p>Parceria entre as Secretarias de Sa\u00fade de Cuiab\u00e1 e V\u00e1rzea Grande e a Associa\u00e7\u00e3o dos Fibromi\u00e1lgicos oferece diagn\u00f3stico para pacientes com dor cr\u00f4nica O Centro Estadual de Refer\u00eancia em M\u00e9dia e Alta Complexidade (Cermac), da Secretaria de Estado de Sa\u00fade (SES-MT), promove nesta semana (26 a 30.1) uma campanha de combate \u00e0 hansen\u00edase, com atendimento [&hellip;]<\/p>\n","protected":false},"author":3,"featured_media":3832,"comment_status":"open","ping_status":"open","sticky":false,"template":"","format":"standard","meta":{"footnotes":""},"categories":[2],"tags":[1029,718],"class_list":["post-3830","post","type-post","status-publish","format-standard","has-post-thumbnail","hentry","category-saude","tag-hanseniase","tag-matogrosso"],"_links":{"self":[{"href":"https:\/\/diarionews.com.br\/index.php?rest_route=\/wp\/v2\/posts\/3830","targetHints":{"allow":["GET"]}}],"collection":[{"href":"https:\/\/diarionews.com.br\/index.php?rest_route=\/wp\/v2\/posts"}],"about":[{"href":"https:\/\/diarionews.com.br\/index.php?rest_route=\/wp\/v2\/types\/post"}],"author":[{"embeddable":true,"href":"https:\/\/diarionews.com.br\/index.php?rest_route=\/wp\/v2\/users\/3"}],"replies":[{"embeddable":true,"href":"https:\/\/diarionews.com.br\/index.php?rest_route=%2Fwp%2Fv2%2Fcomments&post=3830"}],"version-history":[{"count":1,"href":"https:\/\/diarionews.com.br\/index.php?rest_route=\/wp\/v2\/posts\/3830\/revisions"}],"predecessor-version":[{"id":3833,"href":"https:\/\/diarionews.com.br\/index.php?rest_route=\/wp\/v2\/posts\/3830\/revisions\/3833"}],"wp:featuredmedia":[{"embeddable":true,"href":"https:\/\/diarionews.com.br\/index.php?rest_route=\/wp\/v2\/media\/3832"}],"wp:attachment":[{"href":"https:\/\/diarionews.com.br\/index.php?rest_route=%2Fwp%2Fv2%2Fmedia&parent=3830"}],"wp:term":[{"taxonomy":"category","embeddable":true,"href":"https:\/\/diarionews.com.br\/index.php?rest_route=%2Fwp%2Fv2%2Fcategories&post=3830"},{"taxonomy":"post_tag","embeddable":true,"href":"https:\/\/diarionews.com.br\/index.php?rest_route=%2Fwp%2Fv2%2Ftags&post=3830"}],"curies":[{"name":"wp","href":"https:\/\/api.w.org\/{rel}","templated":true}]}}