{"id":3827,"date":"2026-01-28T14:32:27","date_gmt":"2026-01-28T18:32:27","guid":{"rendered":"https:\/\/diarionews.com.br\/?p=3827"},"modified":"2026-01-28T14:32:29","modified_gmt":"2026-01-28T18:32:29","slug":"policia-civil-prende-homem-condenado-por-estupro-contra-ex-enteada-adolescente","status":"publish","type":"post","link":"https:\/\/diarionews.com.br\/?p=3827","title":{"rendered":"Pol\u00edcia Civil prende homem condenado por estupro contra ex-enteada adolescente"},"content":{"rendered":"\n<h3 class=\"wp-block-heading has-text-align-center\"><em><strong>Condenado a 12 anos de pris\u00e3o, ele foi localizado em Alta Floresta<\/strong><\/em><\/h3>\n\n\n\n<p>A Pol\u00edcia Civil prendeu, na segunda-feira (26.1), um homem, de 37 anos, em Alta Floresta, condenado a 12 anos e um m\u00eas de reclus\u00e3o por estupro de vulner\u00e1vel contra a ex-enteada adolescente e amea\u00e7a contra a ex-mulher.<\/p>\n\n\n\n<p>O abuso ocorreu em 2016, quando a v\u00edtima tinha 12 anos. A m\u00e3e havia sa\u00eddo de casa e, quando retornou, encontrou o ex-companheiro dentro da casa com a filha dela.<\/p>\n\n\n\n<p>A menina relatou \u00e0 m\u00e3e que havia sido beijada a for\u00e7a e que o ex-padrasto havia tirado sua roupa. O homem negou o crime, mas fugiu em seguida.<\/p>\n\n\n\n<p>No dia seguinte, a m\u00e3e acionou a pol\u00edcia informando onde o suspeito estava e ele foi preso.<\/p>\n\n\n\n<p>J\u00e1 a amea\u00e7a ocorreu em 2015, logo ap\u00f3s o t\u00e9rmino do relacionamento que ocorreu, segundo a mulher, devido ao comportamento agressivo do homem.<\/p>\n\n\n\n<p>\u00c0 \u00e9poca, a v\u00edtima registrou um boletim de ocorr\u00eancia afirmando que o homem havia chegado em casa alcoolizado, com um fac\u00e3o, e amea\u00e7ando ela e seus filhos, s\u00f3 cessando as amea\u00e7as ap\u00f3s ser contido por terceiros.<\/p>\n\n\n\n<p>No dia do registro do boletim, ele havia pulado o muro da casa dela e ficado batendo na porta, com uma faca nas m\u00e3os, causando p\u00e2nico em toda a fam\u00edlia.<\/p>\n\n\n\n<p>A pol\u00edcia foi acionada, o suspeito foi preso e a faca foi apreendida.<\/p>\n\n\n\n<p><strong>Pris\u00e3o<\/strong><\/p>\n\n\n\n<p>Ap\u00f3s investiga\u00e7\u00e3o e indiciamento da Pol\u00edcia Civil, o homem foi condenado a 12 anos e um m\u00eas de reclus\u00e3o. Com a ordem de pris\u00e3o expedida, o N\u00facleo de Atendimento \u00e0 Mulher e Vulner\u00e1veis da Delegacia Municipal de Alta Floresta cumpriu o mandado nessa segunda-feira (26).<\/p>\n\n\n\n<p>Karina Cabral\u00a0|\u00a0Pol\u00edcia Civil &#8211; MT<\/p>\n","protected":false},"excerpt":{"rendered":"<p>Condenado a 12 anos de pris\u00e3o, ele foi localizado em Alta Floresta A Pol\u00edcia Civil prendeu, na segunda-feira (26.1), um homem, de 37 anos, em Alta Floresta, condenado a 12 anos e um m\u00eas de reclus\u00e3o por estupro de vulner\u00e1vel contra a ex-enteada adolescente e amea\u00e7a contra a ex-mulher. O abuso ocorreu em 2016, quando [&hellip;]<\/p>\n","protected":false},"author":3,"featured_media":3828,"comment_status":"open","ping_status":"open","sticky":false,"template":"","format":"standard","meta":{"footnotes":""},"categories":[6],"tags":[89,956],"class_list":["post-3827","post","type-post","status-publish","format-standard","has-post-thumbnail","hentry","category-local","tag-altafloresta","tag-importante"],"_links":{"self":[{"href":"https:\/\/diarionews.com.br\/index.php?rest_route=\/wp\/v2\/posts\/3827","targetHints":{"allow":["GET"]}}],"collection":[{"href":"https:\/\/diarionews.com.br\/index.php?rest_route=\/wp\/v2\/posts"}],"about":[{"href":"https:\/\/diarionews.com.br\/index.php?rest_route=\/wp\/v2\/types\/post"}],"author":[{"embeddable":true,"href":"https:\/\/diarionews.com.br\/index.php?rest_route=\/wp\/v2\/users\/3"}],"replies":[{"embeddable":true,"href":"https:\/\/diarionews.com.br\/index.php?rest_route=%2Fwp%2Fv2%2Fcomments&post=3827"}],"version-history":[{"count":1,"href":"https:\/\/diarionews.com.br\/index.php?rest_route=\/wp\/v2\/posts\/3827\/revisions"}],"predecessor-version":[{"id":3829,"href":"https:\/\/diarionews.com.br\/index.php?rest_route=\/wp\/v2\/posts\/3827\/revisions\/3829"}],"wp:featuredmedia":[{"embeddable":true,"href":"https:\/\/diarionews.com.br\/index.php?rest_route=\/wp\/v2\/media\/3828"}],"wp:attachment":[{"href":"https:\/\/diarionews.com.br\/index.php?rest_route=%2Fwp%2Fv2%2Fmedia&parent=3827"}],"wp:term":[{"taxonomy":"category","embeddable":true,"href":"https:\/\/diarionews.com.br\/index.php?rest_route=%2Fwp%2Fv2%2Fcategories&post=3827"},{"taxonomy":"post_tag","embeddable":true,"href":"https:\/\/diarionews.com.br\/index.php?rest_route=%2Fwp%2Fv2%2Ftags&post=3827"}],"curies":[{"name":"wp","href":"https:\/\/api.w.org\/{rel}","templated":true}]}}