{"id":3824,"date":"2026-01-29T05:00:00","date_gmt":"2026-01-29T09:00:00","guid":{"rendered":"https:\/\/diarionews.com.br\/?p=3824"},"modified":"2026-01-28T14:27:58","modified_gmt":"2026-01-28T18:27:58","slug":"sem-receber-parte-de-premio-de-r-500-mil-jogadora-de-futebol-processa-o-time-do-acao-feminino-em-cuiaba-mt","status":"publish","type":"post","link":"https:\/\/diarionews.com.br\/?p=3824","title":{"rendered":"Sem receber parte de pr\u00eamio de R$ 500 mil jogadora de futebol processa o time do A\u00e7\u00e3o feminino em Cuiab\u00e1\/MT"},"content":{"rendered":"\n<p>O Tribunal Regional do Trabalho da 23\u00aa Regi\u00e3o (TRT-23) decidiu que compete \u00e0 Justi\u00e7a do Trabalho julgar a a\u00e7\u00e3o movida por uma atleta de futebol contra o clube Academia A\u00e7\u00e3o Futebol Ltda, que cobra o pagamento de premia\u00e7\u00e3o prometida ap\u00f3s competi\u00e7\u00e3o esportiva. O valor global do pr\u00eamio \u00e9 de R$ 500 mil, dos quais a jogadora afirma ter direito a R$ 20.384,61.<\/p>\n\n\n\n<p>A decis\u00e3o reconhece que, mesmo sem contrato profissional formal, a controv\u00e9rsia decorre de uma rela\u00e7\u00e3o de trabalho em sentido amplo, atraindo a compet\u00eancia da Justi\u00e7a do Trabalho. Com isso, o processo retorna \u00e0 primeira inst\u00e2ncia para produ\u00e7\u00e3o de provas e julgamento do m\u00e9rito.<\/p>\n\n\n\n<p>O entendimento foi firmado em voto do relator, desembargador Paulo Roberto Ramos Barrionuevo, que destacou que, ap\u00f3s a Emenda Constitucional n\u00ba 45\/2004, a compet\u00eancia da Justi\u00e7a do Trabalho passou a abranger todas as a\u00e7\u00f5es oriundas da rela\u00e7\u00e3o de trabalho, e n\u00e3o apenas aquelas fundadas em v\u00ednculo empregat\u00edcio regido pela CLT.<\/p>\n\n\n\n<p>Segundo o relator, o desporto de rendimento n\u00e3o profissional integra o percurso formativo do atleta, assemelhando-se a modalidades como aprendizagem e est\u00e1gio. Nesses casos, quando a controv\u00e9rsia decorre da presta\u00e7\u00e3o pessoal de atividade esportiva, a compet\u00eancia \u00e9 da Justi\u00e7a especializada.<\/p>\n\n\n\n<p>O tribunal tamb\u00e9m ressaltou que o fato de a premia\u00e7\u00e3o por performance possuir natureza civil \u2014 e n\u00e3o salarial \u2014, conforme a Lei Geral do Esporte, n\u00e3o afasta a compet\u00eancia trabalhista. Essa classifica\u00e7\u00e3o, segundo a Corte, influencia o m\u00e9rito da causa, mas n\u00e3o o \u00f3rg\u00e3o jurisdicional respons\u00e1vel pelo julgamento.<\/p>\n\n\n\n<p>Nilson Aranha<br>MT Esporte<\/p>\n","protected":false},"excerpt":{"rendered":"<p>O Tribunal Regional do Trabalho da 23\u00aa Regi\u00e3o (TRT-23) decidiu que compete \u00e0 Justi\u00e7a do Trabalho julgar a a\u00e7\u00e3o movida por uma atleta de futebol contra o clube Academia A\u00e7\u00e3o Futebol Ltda, que cobra o pagamento de premia\u00e7\u00e3o prometida ap\u00f3s competi\u00e7\u00e3o esportiva. O valor global do pr\u00eamio \u00e9 de R$ 500 mil, dos quais a [&hellip;]<\/p>\n","protected":false},"author":3,"featured_media":3825,"comment_status":"open","ping_status":"open","sticky":false,"template":"","format":"standard","meta":{"footnotes":""},"categories":[13],"tags":[1117],"class_list":["post-3824","post","type-post","status-publish","format-standard","has-post-thumbnail","hentry","category-esportes","tag-esporte"],"_links":{"self":[{"href":"https:\/\/diarionews.com.br\/index.php?rest_route=\/wp\/v2\/posts\/3824","targetHints":{"allow":["GET"]}}],"collection":[{"href":"https:\/\/diarionews.com.br\/index.php?rest_route=\/wp\/v2\/posts"}],"about":[{"href":"https:\/\/diarionews.com.br\/index.php?rest_route=\/wp\/v2\/types\/post"}],"author":[{"embeddable":true,"href":"https:\/\/diarionews.com.br\/index.php?rest_route=\/wp\/v2\/users\/3"}],"replies":[{"embeddable":true,"href":"https:\/\/diarionews.com.br\/index.php?rest_route=%2Fwp%2Fv2%2Fcomments&post=3824"}],"version-history":[{"count":1,"href":"https:\/\/diarionews.com.br\/index.php?rest_route=\/wp\/v2\/posts\/3824\/revisions"}],"predecessor-version":[{"id":3826,"href":"https:\/\/diarionews.com.br\/index.php?rest_route=\/wp\/v2\/posts\/3824\/revisions\/3826"}],"wp:featuredmedia":[{"embeddable":true,"href":"https:\/\/diarionews.com.br\/index.php?rest_route=\/wp\/v2\/media\/3825"}],"wp:attachment":[{"href":"https:\/\/diarionews.com.br\/index.php?rest_route=%2Fwp%2Fv2%2Fmedia&parent=3824"}],"wp:term":[{"taxonomy":"category","embeddable":true,"href":"https:\/\/diarionews.com.br\/index.php?rest_route=%2Fwp%2Fv2%2Fcategories&post=3824"},{"taxonomy":"post_tag","embeddable":true,"href":"https:\/\/diarionews.com.br\/index.php?rest_route=%2Fwp%2Fv2%2Ftags&post=3824"}],"curies":[{"name":"wp","href":"https:\/\/api.w.org\/{rel}","templated":true}]}}