{"id":3558,"date":"2026-01-23T07:51:39","date_gmt":"2026-01-23T11:51:39","guid":{"rendered":"https:\/\/diarionews.com.br\/?p=3558"},"modified":"2026-01-23T07:51:40","modified_gmt":"2026-01-23T11:51:40","slug":"condutora-colide-contra-poste-na-perimetral-rogerio-silva-em-alta-floresta","status":"publish","type":"post","link":"https:\/\/diarionews.com.br\/?p=3558","title":{"rendered":"Condutora colide contra poste na Perimetral Rog\u00e9rio Silva em Alta Floresta"},"content":{"rendered":"\n<p>Uma mulher de 41 anos ficou ferida ap\u00f3s perder o controle de seu ve\u00edculo e colidir contra um poste de ilumina\u00e7\u00e3o p\u00fablica na Avenida Perimetral Deputado Rog\u00e9rio Silva. O acidente ocorreu na madrugada desta sexta-feira (23), na altura do Setor F, enquanto a condutora trafegava sentido Rua D. Com a for\u00e7a do impacto, o poste foi derrubado, deixando fios de alta tens\u00e3o energizados sobre a pista e causando danos de grande monta no utilit\u00e1rio Jeep Compass branco.<\/p>\n\n\n\n<p>A Pol\u00edcia Militar, que realizava rondas pela regi\u00e3o, isolou o local para garantir a seguran\u00e7a dos usu\u00e1rios da via at\u00e9 a chegada dos agentes de tr\u00e2nsito e da concession\u00e1ria de energia Energisa. A v\u00edtima foi socorrida por uma equipe do Corpo de Bombeiros e encaminhada ao Hospital Regional para receber atendimento m\u00e9dico. De acordo com informa\u00e7\u00f5es colhidas pela guarni\u00e7\u00e3o, a condutora \u00e9 devidamente habilitada e o caso foi registrado eletronicamente junto \u00e0 Delegacia de Pol\u00edcia Judici\u00e1ria Civil para as provid\u00eancias administrativas e investigativas.<\/p>\n\n\n<div class=\"wp-block-image\">\n<figure class=\"aligncenter size-large is-resized\"><img loading=\"lazy\" decoding=\"async\" width=\"600\" height=\"1024\" src=\"https:\/\/diarionews.com.br\/wp-content\/uploads\/2026\/01\/WhatsApp-Image-2026-01-23-at-07.32.36-600x1024.jpeg\" alt=\"\" class=\"wp-image-3559\" style=\"width:600px;height:auto\" srcset=\"https:\/\/diarionews.com.br\/wp-content\/uploads\/2026\/01\/WhatsApp-Image-2026-01-23-at-07.32.36-600x1024.jpeg 600w, https:\/\/diarionews.com.br\/wp-content\/uploads\/2026\/01\/WhatsApp-Image-2026-01-23-at-07.32.36-176x300.jpeg 176w, https:\/\/diarionews.com.br\/wp-content\/uploads\/2026\/01\/WhatsApp-Image-2026-01-23-at-07.32.36-768x1310.jpeg 768w, https:\/\/diarionews.com.br\/wp-content\/uploads\/2026\/01\/WhatsApp-Image-2026-01-23-at-07.32.36-900x1536.jpeg 900w, https:\/\/diarionews.com.br\/wp-content\/uploads\/2026\/01\/WhatsApp-Image-2026-01-23-at-07.32.36-246x420.jpeg 246w, https:\/\/diarionews.com.br\/wp-content\/uploads\/2026\/01\/WhatsApp-Image-2026-01-23-at-07.32.36-150x256.jpeg 150w, https:\/\/diarionews.com.br\/wp-content\/uploads\/2026\/01\/WhatsApp-Image-2026-01-23-at-07.32.36-300x512.jpeg 300w, https:\/\/diarionews.com.br\/wp-content\/uploads\/2026\/01\/WhatsApp-Image-2026-01-23-at-07.32.36-696x1187.jpeg 696w, https:\/\/diarionews.com.br\/wp-content\/uploads\/2026\/01\/WhatsApp-Image-2026-01-23-at-07.32.36.jpeg 938w\" sizes=\"auto, (max-width: 600px) 100vw, 600px\" \/><\/figure><\/div>\n\n\n<pre class=\"wp-block-verse\"><strong>Reda\u00e7\u00e3o<br>Di\u00e1rio Naws<\/strong><\/pre>\n","protected":false},"excerpt":{"rendered":"<p>Uma mulher de 41 anos ficou ferida ap\u00f3s perder o controle de seu ve\u00edculo e colidir contra um poste de ilumina\u00e7\u00e3o p\u00fablica na Avenida Perimetral Deputado Rog\u00e9rio Silva. O acidente ocorreu na madrugada desta sexta-feira (23), na altura do Setor F, enquanto a condutora trafegava sentido Rua D. Com a for\u00e7a do impacto, o poste [&hellip;]<\/p>\n","protected":false},"author":3,"featured_media":3559,"comment_status":"open","ping_status":"open","sticky":false,"template":"","format":"standard","meta":{"footnotes":""},"categories":[6],"tags":[89,93],"class_list":["post-3558","post","type-post","status-publish","format-standard","has-post-thumbnail","hentry","category-local","tag-altafloresta","tag-policiamilitar"],"_links":{"self":[{"href":"https:\/\/diarionews.com.br\/index.php?rest_route=\/wp\/v2\/posts\/3558","targetHints":{"allow":["GET"]}}],"collection":[{"href":"https:\/\/diarionews.com.br\/index.php?rest_route=\/wp\/v2\/posts"}],"about":[{"href":"https:\/\/diarionews.com.br\/index.php?rest_route=\/wp\/v2\/types\/post"}],"author":[{"embeddable":true,"href":"https:\/\/diarionews.com.br\/index.php?rest_route=\/wp\/v2\/users\/3"}],"replies":[{"embeddable":true,"href":"https:\/\/diarionews.com.br\/index.php?rest_route=%2Fwp%2Fv2%2Fcomments&post=3558"}],"version-history":[{"count":1,"href":"https:\/\/diarionews.com.br\/index.php?rest_route=\/wp\/v2\/posts\/3558\/revisions"}],"predecessor-version":[{"id":3560,"href":"https:\/\/diarionews.com.br\/index.php?rest_route=\/wp\/v2\/posts\/3558\/revisions\/3560"}],"wp:featuredmedia":[{"embeddable":true,"href":"https:\/\/diarionews.com.br\/index.php?rest_route=\/wp\/v2\/media\/3559"}],"wp:attachment":[{"href":"https:\/\/diarionews.com.br\/index.php?rest_route=%2Fwp%2Fv2%2Fmedia&parent=3558"}],"wp:term":[{"taxonomy":"category","embeddable":true,"href":"https:\/\/diarionews.com.br\/index.php?rest_route=%2Fwp%2Fv2%2Fcategories&post=3558"},{"taxonomy":"post_tag","embeddable":true,"href":"https:\/\/diarionews.com.br\/index.php?rest_route=%2Fwp%2Fv2%2Ftags&post=3558"}],"curies":[{"name":"wp","href":"https:\/\/api.w.org\/{rel}","templated":true}]}}