{"id":3556,"date":"2026-01-23T07:28:13","date_gmt":"2026-01-23T11:28:13","guid":{"rendered":"https:\/\/diarionews.com.br\/?p=3556"},"modified":"2026-01-23T07:28:14","modified_gmt":"2026-01-23T11:28:14","slug":"colisao-entre-carro-e-caminhao-e-registrada-na-avenida-ludovico-da-riva","status":"publish","type":"post","link":"https:\/\/diarionews.com.br\/?p=3556","title":{"rendered":"Colis\u00e3o entre carro e caminh\u00e3o \u00e9 registrada na Avenida Ludovico da Riva"},"content":{"rendered":"\n<p>Um acidente de tr\u00e2nsito envolvendo um autom\u00f3vel e um caminh\u00e3o mobilizou a Central de Atendimento da Pol\u00edcia Militar em Alta Floresta na manh\u00e3 desta sexta-feira. A colis\u00e3o ocorreu na Avenida Ludovico da Riva, nas proximidades do acesso ao Setor J, resultando em danos materiais nos ve\u00edculos envolvidos. Os condutores compareceram voluntariamente \u00e0 unidade policial para o registro da ocorr\u00eancia e a formaliza\u00e7\u00e3o das vers\u00f5es sobre a din\u00e2mica do abalroamento.<\/p>\n\n\n\n<p>O condutor do Chevrolet Onix prata relatou que trafegava pela faixa da direita quando foi surpreendido por uma manobra repentina do caminh\u00e3o Mercedes-Benz, que seguia pela faixa central e tentou convergir para adentrar ao bairro. Por outro lado, o motorista do ve\u00edculo de carga afirmou ter sinalizado a inten\u00e7\u00e3o de convers\u00e3o \u00e0 direita e alegou n\u00e3o ter visualizado o autom\u00f3vel que trafegava ao seu lado no momento da manobra. Ap\u00f3s a coleta dos relatos, o Boletim de Acidente foi confeccionado para que as partes possam adotar os procedimentos administrativos necess\u00e1rios.<\/p>\n\n\n\n<pre class=\"wp-block-verse\"><strong>Reda\u00e7\u00e3o<br>Di\u00e1rio News<\/strong><\/pre>\n\n\n\n<p><\/p>\n","protected":false},"excerpt":{"rendered":"<p>Um acidente de tr\u00e2nsito envolvendo um autom\u00f3vel e um caminh\u00e3o mobilizou a Central de Atendimento da Pol\u00edcia Militar em Alta Floresta na manh\u00e3 desta sexta-feira. A colis\u00e3o ocorreu na Avenida Ludovico da Riva, nas proximidades do acesso ao Setor J, resultando em danos materiais nos ve\u00edculos envolvidos. Os condutores compareceram voluntariamente \u00e0 unidade policial para [&hellip;]<\/p>\n","protected":false},"author":3,"featured_media":1737,"comment_status":"open","ping_status":"open","sticky":false,"template":"","format":"standard","meta":{"footnotes":""},"categories":[14],"tags":[93],"class_list":["post-3556","post","type-post","status-publish","format-standard","has-post-thumbnail","hentry","category-policia","tag-policiamilitar"],"_links":{"self":[{"href":"https:\/\/diarionews.com.br\/index.php?rest_route=\/wp\/v2\/posts\/3556","targetHints":{"allow":["GET"]}}],"collection":[{"href":"https:\/\/diarionews.com.br\/index.php?rest_route=\/wp\/v2\/posts"}],"about":[{"href":"https:\/\/diarionews.com.br\/index.php?rest_route=\/wp\/v2\/types\/post"}],"author":[{"embeddable":true,"href":"https:\/\/diarionews.com.br\/index.php?rest_route=\/wp\/v2\/users\/3"}],"replies":[{"embeddable":true,"href":"https:\/\/diarionews.com.br\/index.php?rest_route=%2Fwp%2Fv2%2Fcomments&post=3556"}],"version-history":[{"count":1,"href":"https:\/\/diarionews.com.br\/index.php?rest_route=\/wp\/v2\/posts\/3556\/revisions"}],"predecessor-version":[{"id":3557,"href":"https:\/\/diarionews.com.br\/index.php?rest_route=\/wp\/v2\/posts\/3556\/revisions\/3557"}],"wp:featuredmedia":[{"embeddable":true,"href":"https:\/\/diarionews.com.br\/index.php?rest_route=\/wp\/v2\/media\/1737"}],"wp:attachment":[{"href":"https:\/\/diarionews.com.br\/index.php?rest_route=%2Fwp%2Fv2%2Fmedia&parent=3556"}],"wp:term":[{"taxonomy":"category","embeddable":true,"href":"https:\/\/diarionews.com.br\/index.php?rest_route=%2Fwp%2Fv2%2Fcategories&post=3556"},{"taxonomy":"post_tag","embeddable":true,"href":"https:\/\/diarionews.com.br\/index.php?rest_route=%2Fwp%2Fv2%2Ftags&post=3556"}],"curies":[{"name":"wp","href":"https:\/\/api.w.org\/{rel}","templated":true}]}}