{"id":3535,"date":"2026-01-23T10:50:00","date_gmt":"2026-01-23T14:50:00","guid":{"rendered":"https:\/\/diarionews.com.br\/?p=3535"},"modified":"2026-01-22T16:42:24","modified_gmt":"2026-01-22T20:42:24","slug":"meis-micros-e-pequenas-tem-ate-dia-30-para-renegociar-dividas-com-a-uniao","status":"publish","type":"post","link":"https:\/\/diarionews.com.br\/?p=3535","title":{"rendered":"MEI&#8217;s, micros e pequenas t\u00eam at\u00e9 dia 30 para renegociar d\u00edvidas com a Uni\u00e3o"},"content":{"rendered":"\n<p><strong>A Procuradoria-Geral da Fazenda Nacional prorrogou o prazo de ades\u00e3o ao edital que estabelece condi\u00e7\u00f5es especiais para a renegocia\u00e7\u00e3o de d\u00e9bitos inscritos na d\u00edvida ativa da Uni\u00e3o<\/strong><\/p>\n\n\n\n<p><strong>A Procuradoria-Geral da Fazenda Nacional prorrogou o prazo de ades\u00e3o ao Edital n\u00ba 11\/2025, que estabelece condi\u00e7\u00f5es especiais para a renegocia\u00e7\u00e3o de d\u00e9bitos inscritos na d\u00edvida ativa da Uni\u00e3o. Conforme disposto no art. 5\u00ba do edital, os interessados poder\u00e3o aderir \u00e0s modalidades de transa\u00e7\u00e3o tribut\u00e1ria at\u00e9 30 de janeiro de 2026.<\/strong><\/p>\n\n\n\n<p><strong>A medida beneficia microempreendedores individuais (MEI), microempresas e empresas de pequeno porte, que passam a contar com mais tempo para regularizar pend\u00eancias fiscais e retomar a regularidade perante a Uni\u00e3o. O edital prev\u00ea diferentes modalidades de transa\u00e7\u00e3o, com descontos que podem chegar a at\u00e9 100% sobre juros, multas e encargos legais, al\u00e9m de prazos ampliados para parcelamento, de acordo com a situa\u00e7\u00e3o da d\u00edvida e a capacidade de pagamento do contribuinte.<\/strong><\/p>\n\n\n\n<p><strong>Entre as modalidades previstas est\u00e3o a transa\u00e7\u00e3o condicionada \u00e0 capacidade de pagamento, a transa\u00e7\u00e3o de d\u00e9bitos considerados irrecuper\u00e1veis, a transa\u00e7\u00e3o de pequeno valor \u2014 aplic\u00e1vel a d\u00e9bitos consolidados de at\u00e9 60 sal\u00e1rios m\u00ednimos, com condi\u00e7\u00f5es espec\u00edficas para MEIs \u2014 e a transa\u00e7\u00e3o de d\u00e9bitos garantidos por seguro garantia ou carta fian\u00e7a.<\/strong><\/p>\n\n\n\n<p><strong>Os microempreendedores podem consultar suas pend\u00eancias e formalizar a ades\u00e3o ao edital por meio dos canais oficiais da PGFN. A prorroga\u00e7\u00e3o amplia o alcance da iniciativa e refor\u00e7a o est\u00edmulo \u00e0 regulariza\u00e7\u00e3o fiscal como instrumento de recupera\u00e7\u00e3o da atividade econ\u00f4mica dos pequenos neg\u00f3cios.<\/strong><\/p>\n\n\n\n<p><strong>Prazo para renegociar d\u00edvidas \u00e9 diferente do prazo para retorno ao Simples Nacional<\/strong><strong><\/strong><\/p>\n\n\n\n<p><strong>O prazo de 30 de janeiro refere-se exclusivamente \u00e0 ades\u00e3o \u00e0s modalidades de renegocia\u00e7\u00e3o de d\u00edvidas inscritas na d\u00edvida ativa da Uni\u00e3o. Trata-se de procedimento fiscal voltado \u00e0 transa\u00e7\u00e3o tribut\u00e1ria e n\u00e3o se confunde com regras de enquadramento ou reenquadramento no Simples Nacional.<\/strong><\/p>\n\n\n\n<p><strong>J\u00e1 o dia 31 de janeiro \u00e9 o prazo para outro procedimento: a solicita\u00e7\u00e3o de retorno ao Simples Nacional por microempreendedores individuais que foram desenquadrados do regime. Esse processo possui crit\u00e9rios pr\u00f3prios e depende da regulariza\u00e7\u00e3o de pend\u00eancias espec\u00edficas, mas n\u00e3o substitui nem \u00e9 substitu\u00eddo pela renegocia\u00e7\u00e3o de d\u00edvidas prevista no edital da PGFN.<\/strong><\/p>\n\n\n\n<p><strong>Ag\u00eancia Gov | via PGFN<\/strong><\/p>\n","protected":false},"excerpt":{"rendered":"<p>A Procuradoria-Geral da Fazenda Nacional prorrogou o prazo de ades\u00e3o ao edital que estabelece condi\u00e7\u00f5es especiais para a renegocia\u00e7\u00e3o de d\u00e9bitos inscritos na d\u00edvida ativa da Uni\u00e3o A Procuradoria-Geral da Fazenda Nacional prorrogou o prazo de ades\u00e3o ao Edital n\u00ba 11\/2025, que estabelece condi\u00e7\u00f5es especiais para a renegocia\u00e7\u00e3o de d\u00e9bitos inscritos na d\u00edvida ativa da [&hellip;]<\/p>\n","protected":false},"author":3,"featured_media":3503,"comment_status":"open","ping_status":"open","sticky":false,"template":"","format":"standard","meta":{"footnotes":""},"categories":[20],"tags":[1088,1089],"class_list":["post-3535","post","type-post","status-publish","format-standard","has-post-thumbnail","hentry","category-economia","tag-dividas-com-a-uniao","tag-mei"],"_links":{"self":[{"href":"https:\/\/diarionews.com.br\/index.php?rest_route=\/wp\/v2\/posts\/3535","targetHints":{"allow":["GET"]}}],"collection":[{"href":"https:\/\/diarionews.com.br\/index.php?rest_route=\/wp\/v2\/posts"}],"about":[{"href":"https:\/\/diarionews.com.br\/index.php?rest_route=\/wp\/v2\/types\/post"}],"author":[{"embeddable":true,"href":"https:\/\/diarionews.com.br\/index.php?rest_route=\/wp\/v2\/users\/3"}],"replies":[{"embeddable":true,"href":"https:\/\/diarionews.com.br\/index.php?rest_route=%2Fwp%2Fv2%2Fcomments&post=3535"}],"version-history":[{"count":1,"href":"https:\/\/diarionews.com.br\/index.php?rest_route=\/wp\/v2\/posts\/3535\/revisions"}],"predecessor-version":[{"id":3536,"href":"https:\/\/diarionews.com.br\/index.php?rest_route=\/wp\/v2\/posts\/3535\/revisions\/3536"}],"wp:featuredmedia":[{"embeddable":true,"href":"https:\/\/diarionews.com.br\/index.php?rest_route=\/wp\/v2\/media\/3503"}],"wp:attachment":[{"href":"https:\/\/diarionews.com.br\/index.php?rest_route=%2Fwp%2Fv2%2Fmedia&parent=3535"}],"wp:term":[{"taxonomy":"category","embeddable":true,"href":"https:\/\/diarionews.com.br\/index.php?rest_route=%2Fwp%2Fv2%2Fcategories&post=3535"},{"taxonomy":"post_tag","embeddable":true,"href":"https:\/\/diarionews.com.br\/index.php?rest_route=%2Fwp%2Fv2%2Ftags&post=3535"}],"curies":[{"name":"wp","href":"https:\/\/api.w.org\/{rel}","templated":true}]}}