{"id":3533,"date":"2026-01-23T10:20:00","date_gmt":"2026-01-23T14:20:00","guid":{"rendered":"https:\/\/diarionews.com.br\/?p=3533"},"modified":"2026-01-22T16:41:40","modified_gmt":"2026-01-22T20:41:40","slug":"hospital-da-ebserh-desenvolve-antigeno-para-micose-que-atinge-populacoes-rurais","status":"publish","type":"post","link":"https:\/\/diarionews.com.br\/?p=3533","title":{"rendered":"Hospital da Ebserh desenvolve ant\u00edgeno para micose que atinge popula\u00e7\u00f5es rurais"},"content":{"rendered":"\n<p><strong>Desde 2018, o laborat\u00f3rio de refer\u00eancia em paracoccidioidomicose da Universidade Federal de Mato Grosso j\u00e1 realizou aproximadamente 1.700 exames de sorologia, com cerca de 160 diagn\u00f3sticos confirmados<\/strong><\/p>\n\n\n\n<p><strong>O Hospital Universit\u00e1rio J\u00falio M\u00fcller da Universidade Federal de Mato Grosso (HUJM-UFMT), vinculado \u00e0 Empresa Brasileira de Servi\u00e7os Hospitalares (&nbsp;Ebserh&nbsp;) atua na assist\u00eancia e pesquisa sobre a paracoccidioidomicose, doen\u00e7a f\u00fangica grave e negligenciada. Ela afeta principalmente trabalhadores rurais, garimpeiros e pessoas em contato frequente com o solo.<\/strong><strong><\/strong><\/p>\n\n\n\n<p><strong>A paracoccidioidomicose \u00e9 causada por fungos do g\u00eanero&nbsp;Paracoccidioides&nbsp;, presentes no solo, e adquirida pela inala\u00e7\u00e3o de esporos. Ao penetrar nos pulm\u00f5es, os esporos se transformam na forma parasit\u00e1ria e provocam a doen\u00e7a. Embora em muitos casos a manifesta\u00e7\u00e3o seja pulmonar, a infec\u00e7\u00e3o pode se espalhar para outros \u00f3rg\u00e3os, incluindo pele, ossos, olhos e at\u00e9 o sistema nervoso central \u2014 quadro conhecido como&nbsp;neuroparacoccidioidomicose, forma mais grave da doen\u00e7a.<\/strong><strong><\/strong><\/p>\n\n\n\n<p><strong>Considerada a micose sist\u00eamica que mais mata no Brasil, a doen\u00e7a pode permanecer silenciosa por anos e, quando diagnosticada tardiamente, provoca sequelas graves e irrevers\u00edveis.<\/strong><strong><\/strong><\/p>\n\n\n\n<p><strong>O trabalho \u00e9 desenvolvido no laborat\u00f3rio de refer\u00eancia em paracoccidioidomicose, vinculado ao HUJM-UFMT e \u00e0 Faculdade de Medicina da UFMT, coordenado pela professora e pesquisadora Rosane Hahn. Com mais de 30 anos de dedica\u00e7\u00e3o \u00e0 micologia m\u00e9dica, a docente foi respons\u00e1vel pela&nbsp;<\/strong><a href=\"https:\/\/www.gov.br\/ebserh\/pt-br\/comunicacao\/noticias\/descoberta-do-hospital-da-ebserh-em-cuiaba-mt-pode-mudar-diagnostico-de-doenca-pulmonar-grave-no-brasil\" target=\"_blank\" rel=\"noreferrer noopener\"><strong>descoberta&nbsp;<\/strong><\/a><strong>do&nbsp;<\/strong><strong>Paracoccidioides&nbsp;lutzii&nbsp;<\/strong><strong>, esp\u00e9cie predominante no Centro-Oeste.<\/strong><strong><\/strong><\/p>\n\n\n\n<p><strong>A nova esp\u00e9cie identificada tem sido respons\u00e1vel por casos em que pacientes apresentam sintomas cl\u00ednicos cl\u00e1ssicos \u2014 como tosse persistente, les\u00f5es na mucosa oral e nasal, aumento de g\u00e2nglios cervicais e emagrecimento acentuado.<\/strong><strong><\/strong><\/p>\n\n\n\n<p><strong>Desde 2018, o laborat\u00f3rio j\u00e1 realizou aproximadamente 1.700 exames de sorologia, com cerca de 160 diagn\u00f3sticos confirmados. Em 2024, a equipe iniciou um projeto de rastreamento em \u00e1reas rurais de Mato Grosso, voltado a agricultores, com o objetivo de antecipar o diagn\u00f3stico e o tratamento da doen\u00e7a.<\/strong><strong><\/strong><\/p>\n\n\n\n<p><strong>Com o apoio do Minist\u00e9rio da Sa\u00fade, a equipe do HUJM-UFMT&nbsp;desenvolveu&nbsp;um ant\u00edgeno laboratorial espec\u00edfico capaz de detectar tanto a P.&nbsp;lutzii&nbsp;quanto outras esp\u00e9cies do complexo&nbsp;Paracoccidioides&nbsp;.&nbsp;O&nbsp;material&nbsp;foi entregue ao Minist\u00e9rio da Sa\u00fade no final de 2025.<\/strong><strong><\/strong><\/p>\n\n\n\n<p><strong>A nova tecnologia deve beneficiar os Laborat\u00f3rios Centrais de Sa\u00fade P\u00fablica (&nbsp;Lacens&nbsp;) em diversos estados e facilitar o trabalho de profissionais que atuam em regi\u00f5es onde a infraestrutura laboratorial \u00e9 limitada.<\/strong><\/p>\n\n\n\n<p><em>Assessoria&nbsp; Ebserh<\/em><strong><\/strong><\/p>\n","protected":false},"excerpt":{"rendered":"<p>Desde 2018, o laborat\u00f3rio de refer\u00eancia em paracoccidioidomicose da Universidade Federal de Mato Grosso j\u00e1 realizou aproximadamente 1.700 exames de sorologia, com cerca de 160 diagn\u00f3sticos confirmados O Hospital Universit\u00e1rio J\u00falio M\u00fcller da Universidade Federal de Mato Grosso (HUJM-UFMT), vinculado \u00e0 Empresa Brasileira de Servi\u00e7os Hospitalares (&nbsp;Ebserh&nbsp;) atua na assist\u00eancia e pesquisa sobre a paracoccidioidomicose, [&hellip;]<\/p>\n","protected":false},"author":3,"featured_media":3501,"comment_status":"open","ping_status":"open","sticky":false,"template":"","format":"standard","meta":{"footnotes":""},"categories":[2],"tags":[1085,1086,718,1087],"class_list":["post-3533","post","type-post","status-publish","format-standard","has-post-thumbnail","hentry","category-saude","tag-ebserh","tag-hospital-da-ebserh","tag-matogrosso","tag-micose"],"_links":{"self":[{"href":"https:\/\/diarionews.com.br\/index.php?rest_route=\/wp\/v2\/posts\/3533","targetHints":{"allow":["GET"]}}],"collection":[{"href":"https:\/\/diarionews.com.br\/index.php?rest_route=\/wp\/v2\/posts"}],"about":[{"href":"https:\/\/diarionews.com.br\/index.php?rest_route=\/wp\/v2\/types\/post"}],"author":[{"embeddable":true,"href":"https:\/\/diarionews.com.br\/index.php?rest_route=\/wp\/v2\/users\/3"}],"replies":[{"embeddable":true,"href":"https:\/\/diarionews.com.br\/index.php?rest_route=%2Fwp%2Fv2%2Fcomments&post=3533"}],"version-history":[{"count":1,"href":"https:\/\/diarionews.com.br\/index.php?rest_route=\/wp\/v2\/posts\/3533\/revisions"}],"predecessor-version":[{"id":3534,"href":"https:\/\/diarionews.com.br\/index.php?rest_route=\/wp\/v2\/posts\/3533\/revisions\/3534"}],"wp:featuredmedia":[{"embeddable":true,"href":"https:\/\/diarionews.com.br\/index.php?rest_route=\/wp\/v2\/media\/3501"}],"wp:attachment":[{"href":"https:\/\/diarionews.com.br\/index.php?rest_route=%2Fwp%2Fv2%2Fmedia&parent=3533"}],"wp:term":[{"taxonomy":"category","embeddable":true,"href":"https:\/\/diarionews.com.br\/index.php?rest_route=%2Fwp%2Fv2%2Fcategories&post=3533"},{"taxonomy":"post_tag","embeddable":true,"href":"https:\/\/diarionews.com.br\/index.php?rest_route=%2Fwp%2Fv2%2Ftags&post=3533"}],"curies":[{"name":"wp","href":"https:\/\/api.w.org\/{rel}","templated":true}]}}