{"id":3527,"date":"2026-01-23T09:00:00","date_gmt":"2026-01-23T13:00:00","guid":{"rendered":"https:\/\/diarionews.com.br\/?p=3527"},"modified":"2026-01-22T16:38:37","modified_gmt":"2026-01-22T20:38:37","slug":"prefeitura-de-nova-monte-verde-lanca-alvara-de-funcionamento-2026","status":"publish","type":"post","link":"https:\/\/diarionews.com.br\/?p=3527","title":{"rendered":"Prefeitura de Nova Monte Verde lan\u00e7a Alvar\u00e1 de Funcionamento 2026"},"content":{"rendered":"\n<h3 class=\"wp-block-heading has-text-align-center\"><em><strong>Contribuintes poder\u00e3o optar pelo pagamento em parcela \u00fanica, com 10% de desconto, at\u00e9 o dia 27 de mar\u00e7o de 2026<\/strong><\/em><\/h3>\n\n\n\n<p>A Prefeitura Municipal de Nova Monte Verde informa aos empres\u00e1rios e comerciantes do munic\u00edpio o lan\u00e7amento do Alvar\u00e1 de Funcionamento 2026, conforme estabelecido pelo Decreto Municipal n\u00ba 007\/2026. A medida refor\u00e7a o compromisso da administra\u00e7\u00e3o municipal com a organiza\u00e7\u00e3o fiscal, a legalidade das atividades econ\u00f4micas e o fortalecimento do desenvolvimento local.<\/p>\n\n\n\n<p>Os contribuintes poder\u00e3o optar pelo pagamento em parcela \u00fanica, com 10% de desconto, at\u00e9 o dia 27 de mar\u00e7o de 2026. Tamb\u00e9m est\u00e1 dispon\u00edvel a op\u00e7\u00e3o de parcelamento em tr\u00eas parcelas iguais, com os seguintes vencimentos:<\/p>\n\n\n\n<p>* 1\u00aa parcela: 27 de mar\u00e7o de 2026<\/p>\n\n\n\n<p>* 2\u00aa parcela: 27 de abril de 2026<\/p>\n\n\n\n<p>* 3\u00aa parcela: 27 de maio de 2026<\/p>\n\n\n\n<p>Os boletos para pagamento estar\u00e3o dispon\u00edveis no site oficial da Prefeitura (<a href=\"https:\/\/agiliblue.agilicloud.com.br\/portal\/prefnovamonteverde-mt\/#\/guias\" target=\"_blank\" rel=\"noopener\"><strong>www.novamonteverde.mt.gov.br<\/strong><\/a>) at\u00e9 a data de vencimento. Al\u00e9m disso, os contribuintes poder\u00e3o realizar a retirada presencialmente na Prefeitura Municipal, junto ao Departamento de Tributos, de segunda-feira a sexta-feira, no hor\u00e1rio das 7h30 \u00e0s 17h.<\/p>\n\n\n\n<p>A administra\u00e7\u00e3o municipal destaca a import\u00e2ncia de manter o Alvar\u00e1 de Funcionamento em dia, garantindo a regularidade das empresas e contribuindo diretamente para a arrecada\u00e7\u00e3o que viabiliza investimentos em servi\u00e7os p\u00fablicos, infraestrutura e a\u00e7\u00f5es voltadas \u00e0 melhoria da qualidade de vida da popula\u00e7\u00e3o.<\/p>\n\n\n\n<h3 class=\"wp-block-heading\">Assessoria de Comunica\u00e7\u00e3o<\/h3>\n","protected":false},"excerpt":{"rendered":"<p>Contribuintes poder\u00e3o optar pelo pagamento em parcela \u00fanica, com 10% de desconto, at\u00e9 o dia 27 de mar\u00e7o de 2026 A Prefeitura Municipal de Nova Monte Verde informa aos empres\u00e1rios e comerciantes do munic\u00edpio o lan\u00e7amento do Alvar\u00e1 de Funcionamento 2026, conforme estabelecido pelo Decreto Municipal n\u00ba 007\/2026. A medida refor\u00e7a o compromisso da administra\u00e7\u00e3o [&hellip;]<\/p>\n","protected":false},"author":3,"featured_media":3508,"comment_status":"open","ping_status":"open","sticky":false,"template":"","format":"standard","meta":{"footnotes":""},"categories":[21],"tags":[1080,969],"class_list":["post-3527","post","type-post","status-publish","format-standard","has-post-thumbnail","hentry","category-regiao","tag-alvara-de-funcionamento-2026","tag-nova-monte-verde"],"_links":{"self":[{"href":"https:\/\/diarionews.com.br\/index.php?rest_route=\/wp\/v2\/posts\/3527","targetHints":{"allow":["GET"]}}],"collection":[{"href":"https:\/\/diarionews.com.br\/index.php?rest_route=\/wp\/v2\/posts"}],"about":[{"href":"https:\/\/diarionews.com.br\/index.php?rest_route=\/wp\/v2\/types\/post"}],"author":[{"embeddable":true,"href":"https:\/\/diarionews.com.br\/index.php?rest_route=\/wp\/v2\/users\/3"}],"replies":[{"embeddable":true,"href":"https:\/\/diarionews.com.br\/index.php?rest_route=%2Fwp%2Fv2%2Fcomments&post=3527"}],"version-history":[{"count":1,"href":"https:\/\/diarionews.com.br\/index.php?rest_route=\/wp\/v2\/posts\/3527\/revisions"}],"predecessor-version":[{"id":3528,"href":"https:\/\/diarionews.com.br\/index.php?rest_route=\/wp\/v2\/posts\/3527\/revisions\/3528"}],"wp:featuredmedia":[{"embeddable":true,"href":"https:\/\/diarionews.com.br\/index.php?rest_route=\/wp\/v2\/media\/3508"}],"wp:attachment":[{"href":"https:\/\/diarionews.com.br\/index.php?rest_route=%2Fwp%2Fv2%2Fmedia&parent=3527"}],"wp:term":[{"taxonomy":"category","embeddable":true,"href":"https:\/\/diarionews.com.br\/index.php?rest_route=%2Fwp%2Fv2%2Fcategories&post=3527"},{"taxonomy":"post_tag","embeddable":true,"href":"https:\/\/diarionews.com.br\/index.php?rest_route=%2Fwp%2Fv2%2Ftags&post=3527"}],"curies":[{"name":"wp","href":"https:\/\/api.w.org\/{rel}","templated":true}]}}