{"id":3525,"date":"2026-01-23T11:30:00","date_gmt":"2026-01-23T15:30:00","guid":{"rendered":"https:\/\/diarionews.com.br\/?p=3525"},"modified":"2026-01-22T16:37:45","modified_gmt":"2026-01-22T20:37:45","slug":"prefeito-chico-gamba-e-vice-prefeito-robson-quintino-visitam-hospital-central-de-cuiaba-e-conhecem-estrutura-de-referencia-em-saude-publica","status":"publish","type":"post","link":"https:\/\/diarionews.com.br\/?p=3525","title":{"rendered":"Prefeito Chico Gamba e vice-prefeito Robson Quintino visitam Hospital Central de Cuiab\u00e1 e conhecem estrutura de refer\u00eancia em sa\u00fade p\u00fablica"},"content":{"rendered":"\n<p>O prefeito de Alta Floresta, Chico Gamba, e o vice-prefeito Robson Quintino participaram, a convite do Governo do Estado, de uma visita institucional ao Hospital Central de Cuiab\u00e1, uma das maiores e mais modernas unidades de sa\u00fade p\u00fablica do pa\u00eds. A agenda reuniu diversas autoridades estaduais e municipais.<\/p>\n\n\n\n<p>Durante a visita, os gestores conheceram de perto a estrutura f\u00edsica, os equipamentos e o modelo de gest\u00e3o da unidade, que vem sendo apontada como refer\u00eancia para a sa\u00fade p\u00fablica em Mato Grosso.<\/p>\n\n\n\n<p>O chefe da Casa Civil, F\u00e1bio Garcia, destacou que o objetivo do Governo do Estado \u00e9 elevar o padr\u00e3o dos servi\u00e7os p\u00fablicos oferecidos \u00e0 popula\u00e7\u00e3o mato-grossense.<\/p>\n\n\n\n<p>\u201cNosso objetivo \u00e9 trabalhar junto com os munic\u00edpios para colocar Mato Grosso em outro patamar no servi\u00e7o p\u00fablico. \u00c9 nossa obriga\u00e7\u00e3o, como gestores, entregar o que h\u00e1 de melhor para atender a popula\u00e7\u00e3o. Precisamos criar um novo padr\u00e3o de infraestrutura e de servi\u00e7o p\u00fablico, sem deixar ningu\u00e9m para tr\u00e1s\u201d, afirmou.<\/p>\n\n\n<div class=\"wp-block-image\">\n<figure class=\"aligncenter size-large is-resized\"><img loading=\"lazy\" decoding=\"async\" width=\"1024\" height=\"768\" src=\"https:\/\/diarionews.com.br\/wp-content\/uploads\/2026\/01\/Prefeito-Chico-Gamba-e-vic-1024x768.jpeg\" alt=\"\" class=\"wp-image-3506\" style=\"width:760px;height:auto\" srcset=\"https:\/\/diarionews.com.br\/wp-content\/uploads\/2026\/01\/Prefeito-Chico-Gamba-e-vic-1024x768.jpeg 1024w, https:\/\/diarionews.com.br\/wp-content\/uploads\/2026\/01\/Prefeito-Chico-Gamba-e-vic-300x225.jpeg 300w, https:\/\/diarionews.com.br\/wp-content\/uploads\/2026\/01\/Prefeito-Chico-Gamba-e-vic-768x576.jpeg 768w, https:\/\/diarionews.com.br\/wp-content\/uploads\/2026\/01\/Prefeito-Chico-Gamba-e-vic-560x420.jpeg 560w, https:\/\/diarionews.com.br\/wp-content\/uploads\/2026\/01\/Prefeito-Chico-Gamba-e-vic-80x60.jpeg 80w, https:\/\/diarionews.com.br\/wp-content\/uploads\/2026\/01\/Prefeito-Chico-Gamba-e-vic-150x113.jpeg 150w, https:\/\/diarionews.com.br\/wp-content\/uploads\/2026\/01\/Prefeito-Chico-Gamba-e-vic-696x522.jpeg 696w, https:\/\/diarionews.com.br\/wp-content\/uploads\/2026\/01\/Prefeito-Chico-Gamba-e-vic-1068x801.jpeg 1068w, https:\/\/diarionews.com.br\/wp-content\/uploads\/2026\/01\/Prefeito-Chico-Gamba-e-vic-265x198.jpeg 265w, https:\/\/diarionews.com.br\/wp-content\/uploads\/2026\/01\/Prefeito-Chico-Gamba-e-vic.jpeg 1280w\" sizes=\"auto, (max-width: 1024px) 100vw, 1024px\" \/><\/figure><\/div>\n\n\n<p>O vice-governador Otaviano Pivetta ressaltou que o Hospital Central simboliza uma nova fase da sa\u00fade p\u00fablica no estado.<\/p>\n\n\n\n<p>\u201cEsse hospital \u00e9 a nova refer\u00eancia em sa\u00fade p\u00fablica no Mato Grosso. Ele representa o cuidado e o respeito deste governo com o povo. Trouxemos para Cuiab\u00e1 o que h\u00e1 de melhor no Brasil, tratamentos que antes s\u00f3 estavam dispon\u00edveis para quem podia pagar em grandes centros. Agora, isso estar\u00e1 dispon\u00edvel para a popula\u00e7\u00e3o atendida pelo SUS\u201d, declarou.<\/p>\n\n\n\n<p>J\u00e1 o secret\u00e1rio estadual de Sa\u00fade, Gilberto Figueiredo, enfatizou o reconhecimento nacional da unidade.<\/p>\n\n\n\n<p>\u201cO Hospital Central est\u00e1 entre os melhores do Brasil em infraestrutura hospitalar. Firmamos parceria com o maior grupo hospitalar da Am\u00e9rica Latina, o Albert Einstein, para garantir atendimento de excel\u00eancia, com investimentos e atualiza\u00e7\u00f5es constantes\u201d, explicou.<\/p>\n\n\n\n<p>Ao final da visita, o prefeito Chico Gamba destacou a grandiosidade da estrutura e a qualidade dos servi\u00e7os oferecidos.<\/p>\n\n\n\n<p>\u201c\u00c9 uma instala\u00e7\u00e3o de alt\u00edssimo n\u00edvel. A gente imaginava que seria algo grandioso, mas pessoalmente impressiona ainda mais. A beleza, os equipamentos e as equipes que atuam aqui mostram que estamos falando de um hospital de padr\u00e3o internacional\u201d, afirmou.<\/p>\n\n\n\n<p>A visita refor\u00e7a a integra\u00e7\u00e3o entre Estado e munic\u00edpios na amplia\u00e7\u00e3o e moderniza\u00e7\u00e3o da rede p\u00fablica de sa\u00fade, garantindo mais acesso, qualidade e dignidade no atendimento \u00e0 popula\u00e7\u00e3o mato-grossense.<\/p>\n\n\n\n<p>Dan\u00fabio Ferreira<\/p>\n\n\n\n<p>Prefeitura de Alta Floresta<\/p>\n","protected":false},"excerpt":{"rendered":"<p>O prefeito de Alta Floresta, Chico Gamba, e o vice-prefeito Robson Quintino participaram, a convite do Governo do Estado, de uma visita institucional ao Hospital Central de Cuiab\u00e1, uma das maiores e mais modernas unidades de sa\u00fade p\u00fablica do pa\u00eds. A agenda reuniu diversas autoridades estaduais e municipais. Durante a visita, os gestores conheceram de [&hellip;]<\/p>\n","protected":false},"author":3,"featured_media":3507,"comment_status":"open","ping_status":"open","sticky":false,"template":"","format":"standard","meta":{"footnotes":""},"categories":[2],"tags":[89,1025],"class_list":["post-3525","post","type-post","status-publish","format-standard","has-post-thumbnail","hentry","category-saude","tag-altafloresta","tag-hospital-central"],"_links":{"self":[{"href":"https:\/\/diarionews.com.br\/index.php?rest_route=\/wp\/v2\/posts\/3525","targetHints":{"allow":["GET"]}}],"collection":[{"href":"https:\/\/diarionews.com.br\/index.php?rest_route=\/wp\/v2\/posts"}],"about":[{"href":"https:\/\/diarionews.com.br\/index.php?rest_route=\/wp\/v2\/types\/post"}],"author":[{"embeddable":true,"href":"https:\/\/diarionews.com.br\/index.php?rest_route=\/wp\/v2\/users\/3"}],"replies":[{"embeddable":true,"href":"https:\/\/diarionews.com.br\/index.php?rest_route=%2Fwp%2Fv2%2Fcomments&post=3525"}],"version-history":[{"count":1,"href":"https:\/\/diarionews.com.br\/index.php?rest_route=\/wp\/v2\/posts\/3525\/revisions"}],"predecessor-version":[{"id":3526,"href":"https:\/\/diarionews.com.br\/index.php?rest_route=\/wp\/v2\/posts\/3525\/revisions\/3526"}],"wp:featuredmedia":[{"embeddable":true,"href":"https:\/\/diarionews.com.br\/index.php?rest_route=\/wp\/v2\/media\/3507"}],"wp:attachment":[{"href":"https:\/\/diarionews.com.br\/index.php?rest_route=%2Fwp%2Fv2%2Fmedia&parent=3525"}],"wp:term":[{"taxonomy":"category","embeddable":true,"href":"https:\/\/diarionews.com.br\/index.php?rest_route=%2Fwp%2Fv2%2Fcategories&post=3525"},{"taxonomy":"post_tag","embeddable":true,"href":"https:\/\/diarionews.com.br\/index.php?rest_route=%2Fwp%2Fv2%2Ftags&post=3525"}],"curies":[{"name":"wp","href":"https:\/\/api.w.org\/{rel}","templated":true}]}}