{"id":3521,"date":"2026-01-23T06:55:00","date_gmt":"2026-01-23T10:55:00","guid":{"rendered":"https:\/\/diarionews.com.br\/?p=3521"},"modified":"2026-01-22T16:19:16","modified_gmt":"2026-01-22T20:19:16","slug":"smecet-nmv-realizou-atribuicao-de-aulas-para-o-ano-letivo-de-2026","status":"publish","type":"post","link":"https:\/\/diarionews.com.br\/?p=3521","title":{"rendered":"SMECET\/NMV realizou atribui\u00e7\u00e3o de aulas para o ano letivo de 2026"},"content":{"rendered":"\n<p>A Prefeitura Municipal de Nova Monte Verde, por meio da Secretaria Municipal de Educa\u00e7\u00e3o, realizou no dia 19 de janeiro o processo de atribui\u00e7\u00e3o dos candidatos aprovados no Processo Seletivo Simplificado n\u00ba 002\/2025, para o preenchimento das vagas existentes nas unidades escolares da rede municipal de ensino.<\/p>\n\n\n\n<p>A reuni\u00e3o de trabalho ocorrida na sede administrativa da secretaria, foi conduzida pelo Secret\u00e1rio de Educa\u00e7\u00e3o Anderson Tenffen, que na oportunidade, realizou a atribui\u00e7\u00e3o de turmas e a defini\u00e7\u00e3o do local de trabalho dos profissionais convocados, conforme a necessidade de cada unidade escolar.<\/p>\n\n\n\n<p>De acordo com o gestor da educa\u00e7\u00e3o municipal, a atribui\u00e7\u00e3o \u00e9 uma etapa fundamental para garantir a organiza\u00e7\u00e3o, a transpar\u00eancia e o bom funcionamento da rede municipal de ensino. \u201cA reuni\u00e3o aconteceu de forma din\u00e2mica, focando em nosso objetivo principal que \u00e9 assegurar que cada unidade escolar, inicie o ano letivo com profissionais qualificados, comprometidos e devidamente alocados, oferecendo uma educa\u00e7\u00e3o de qualidade aos nossos estudantes\u201d.<\/p>\n\n\n\n<p>Para a gest\u00e3o esse processo \u00e9 de extrema import\u00e2ncia, pois representa o momento de constitui\u00e7\u00e3o do quadro de profissionais que atuar\u00e3o na rede municipal de ensino durante o ano letivo de 2026, que ser\u00e1 iniciado no dia 02 de fevereiro.<\/p>\n\n\n\n<h3 class=\"wp-block-heading\">ASCOM<\/h3>\n","protected":false},"excerpt":{"rendered":"<p>A Prefeitura Municipal de Nova Monte Verde, por meio da Secretaria Municipal de Educa\u00e7\u00e3o, realizou no dia 19 de janeiro o processo de atribui\u00e7\u00e3o dos candidatos aprovados no Processo Seletivo Simplificado n\u00ba 002\/2025, para o preenchimento das vagas existentes nas unidades escolares da rede municipal de ensino. A reuni\u00e3o de trabalho ocorrida na sede administrativa [&hellip;]<\/p>\n","protected":false},"author":3,"featured_media":3510,"comment_status":"open","ping_status":"open","sticky":false,"template":"","format":"standard","meta":{"footnotes":""},"categories":[9],"tags":[352,969],"class_list":["post-3521","post","type-post","status-publish","format-standard","has-post-thumbnail","hentry","category-educacao","tag-educacao-2","tag-nova-monte-verde"],"_links":{"self":[{"href":"https:\/\/diarionews.com.br\/index.php?rest_route=\/wp\/v2\/posts\/3521","targetHints":{"allow":["GET"]}}],"collection":[{"href":"https:\/\/diarionews.com.br\/index.php?rest_route=\/wp\/v2\/posts"}],"about":[{"href":"https:\/\/diarionews.com.br\/index.php?rest_route=\/wp\/v2\/types\/post"}],"author":[{"embeddable":true,"href":"https:\/\/diarionews.com.br\/index.php?rest_route=\/wp\/v2\/users\/3"}],"replies":[{"embeddable":true,"href":"https:\/\/diarionews.com.br\/index.php?rest_route=%2Fwp%2Fv2%2Fcomments&post=3521"}],"version-history":[{"count":1,"href":"https:\/\/diarionews.com.br\/index.php?rest_route=\/wp\/v2\/posts\/3521\/revisions"}],"predecessor-version":[{"id":3522,"href":"https:\/\/diarionews.com.br\/index.php?rest_route=\/wp\/v2\/posts\/3521\/revisions\/3522"}],"wp:featuredmedia":[{"embeddable":true,"href":"https:\/\/diarionews.com.br\/index.php?rest_route=\/wp\/v2\/media\/3510"}],"wp:attachment":[{"href":"https:\/\/diarionews.com.br\/index.php?rest_route=%2Fwp%2Fv2%2Fmedia&parent=3521"}],"wp:term":[{"taxonomy":"category","embeddable":true,"href":"https:\/\/diarionews.com.br\/index.php?rest_route=%2Fwp%2Fv2%2Fcategories&post=3521"},{"taxonomy":"post_tag","embeddable":true,"href":"https:\/\/diarionews.com.br\/index.php?rest_route=%2Fwp%2Fv2%2Ftags&post=3521"}],"curies":[{"name":"wp","href":"https:\/\/api.w.org\/{rel}","templated":true}]}}