{"id":3464,"date":"2026-01-22T10:00:00","date_gmt":"2026-01-22T14:00:00","guid":{"rendered":"https:\/\/diarionews.com.br\/?p=3464"},"modified":"2026-01-21T16:07:47","modified_gmt":"2026-01-21T20:07:47","slug":"forcas-de-seguranca-impedem-mais-duas-invasoes-de-terra-em-municipios-de-mato-grosso","status":"publish","type":"post","link":"https:\/\/diarionews.com.br\/?p=3464","title":{"rendered":"For\u00e7as de seguran\u00e7a impedem mais duas invas\u00f5es de terra em munic\u00edpios de Mato Grosso"},"content":{"rendered":"\n<h3 class=\"wp-block-heading has-text-align-center\"><em><strong>No total, seguran\u00e7a estadual frustrou 64 invas\u00f5es desde 2023<\/strong><\/em><\/h3>\n\n\n\n<p>As for\u00e7as de seguran\u00e7a de Mato Grosso confirmaram, nesta segunda-feira (19.1), mais duas invas\u00f5es de terra frustradas nos munic\u00edpios de Cuiab\u00e1 e Pocon\u00e9. Sete pessoas foram presas em flagrante e levadas para a delegacia.&nbsp;As a\u00e7\u00f5es fazem parte do programa Toler\u00e2ncia Zero \u00e0s Invas\u00f5es de Terras, do Governo do Estado, que j\u00e1 impediu 64 invas\u00f5es em territ\u00f3rio mato-grossense.<\/p>\n\n\n\n<p>Em Cuiab\u00e1, a ocorr\u00eancia foi registrada no bairro Novo Para\u00edso 2. A pol\u00edcia foi acionada via Centro Integrado de Opera\u00e7\u00f5es de Seguran\u00e7a P\u00fablica (Ciosp), ap\u00f3s o propriet\u00e1rio denunciar que um grupo de pessoas havia invadido uma constru\u00e7\u00e3o inacabada, cercada por grande \u00e1rea com vegeta\u00e7\u00e3o. O plano dos invasores era se instalar no local.<\/p>\n\n\n\n<p>No endere\u00e7o, os policiais, com refor\u00e7o de uma equipe do Grupo de Apoio da Pol\u00edcia Militar (GAP) do 1\u00ba Comando Regional da PMMT, localizaram quatro suspeitos, com idades de 47, 42, 39 e 31 anos, realizando o desmatamento da \u00e1rea.<\/p>\n\n\n\n<p>Com o grupo, foram apreendidas seis armas brancas, sendo duas enxadas, quatro foices e dois fac\u00f5es. Diante dos danos causados \u00e0 propriedade, a representante do propriet\u00e1rio optou pelo registro do boletim de ocorr\u00eancia. Todas as partes foram encaminhadas \u00e0 Central de Flagrantes para as provid\u00eancias cab\u00edveis.<\/p>\n\n\n\n<p>J\u00e1 em Pocon\u00e9, a Pol\u00edcia Militar foi acionada depois que a propriet\u00e1ria de uma fazenda denunciou a invas\u00e3o do im\u00f3vel localizado no distrito de Cangas, ao lado de uma escola municipal. Os supostos invasores teriam amea\u00e7ado a v\u00edtima e iniciado o cercamento da \u00e1rea sem autoriza\u00e7\u00e3o para ocupa\u00e7\u00e3o. A v\u00edtima apresentou a escritura do im\u00f3vel e apontou o homem que seria respons\u00e1vel pela lideran\u00e7a da invas\u00e3o.<\/p>\n\n\n\n<p>Nesse caso, a guarni\u00e7\u00e3o constatou que a \u00e1rea, de aproximadamente um quarteir\u00e3o, j\u00e1 estava demarcada e dividida em lotes, com tr\u00eas suspeitos no local, com idades de 48, 41 e 30 anos. Todas as partes foram encaminhadas \u00e0 delegacia para as provid\u00eancias legais. Apesar do relato inicial, nenhuma arma de fogo foi encontrada no local.<\/p>\n\n\n\n<p>A ocorr\u00eancia em Cuiab\u00e1 foi registrada em 15 de janeiro, e a de Pocon\u00e9 no dia 17. As invas\u00f5es passaram pela investiga\u00e7\u00e3o e an\u00e1lise das autoridades policiais nos dois munic\u00edpios, sendo confirmadas, nesta segunda-feira (19.1), como ocorr\u00eancias de invas\u00e3o de terras.<\/p>\n\n\n\n<p><strong>Toler\u00e2ncia Zero \u00e0s Invas\u00f5es de Terras<\/strong><\/p>\n\n\n\n<p>Desde que foi criado, em mar\u00e7o de 2023, o programa Toler\u00e2ncia Zero \u00e0s Invas\u00f5es de Terras, do Governo de Mato Grosso, j\u00e1 frustrou 64 tentativas de invas\u00f5es em 48 munic\u00edpios mato-grossenses.<\/p>\n\n\n\n<p>Com a\u00e7\u00f5es integradas, r\u00e1pidas e eficientes, as for\u00e7as policiais evitaram as ocupa\u00e7\u00f5es ilegais e conduziram 363 pessoas \u00e0s delegacias. Tamb\u00e9m apreenderam 79 armas, sendo 34 de fogo e 45 brancas (facas, fac\u00f5es, foices, machados, entre outros objetos similares).<\/p>\n\n\n\n<p><em>*Sob supervis\u00e3o de Alecy Alves<\/em><\/p>\n\n\n\n<p>Maria Klara Duque*&nbsp;|&nbsp;Sesp-MT<\/p>\n","protected":false},"excerpt":{"rendered":"<p>No total, seguran\u00e7a estadual frustrou 64 invas\u00f5es desde 2023 As for\u00e7as de seguran\u00e7a de Mato Grosso confirmaram, nesta segunda-feira (19.1), mais duas invas\u00f5es de terra frustradas nos munic\u00edpios de Cuiab\u00e1 e Pocon\u00e9. Sete pessoas foram presas em flagrante e levadas para a delegacia.&nbsp;As a\u00e7\u00f5es fazem parte do programa Toler\u00e2ncia Zero \u00e0s Invas\u00f5es de Terras, do [&hellip;]<\/p>\n","protected":false},"author":3,"featured_media":3452,"comment_status":"open","ping_status":"open","sticky":false,"template":"","format":"standard","meta":{"footnotes":""},"categories":[18],"tags":[1060,1059,718],"class_list":["post-3464","post","type-post","status-publish","format-standard","has-post-thumbnail","hentry","category-estaduais","tag-forcas-de-seguranca","tag-invasoes-de-terra","tag-matogrosso"],"_links":{"self":[{"href":"https:\/\/diarionews.com.br\/index.php?rest_route=\/wp\/v2\/posts\/3464","targetHints":{"allow":["GET"]}}],"collection":[{"href":"https:\/\/diarionews.com.br\/index.php?rest_route=\/wp\/v2\/posts"}],"about":[{"href":"https:\/\/diarionews.com.br\/index.php?rest_route=\/wp\/v2\/types\/post"}],"author":[{"embeddable":true,"href":"https:\/\/diarionews.com.br\/index.php?rest_route=\/wp\/v2\/users\/3"}],"replies":[{"embeddable":true,"href":"https:\/\/diarionews.com.br\/index.php?rest_route=%2Fwp%2Fv2%2Fcomments&post=3464"}],"version-history":[{"count":1,"href":"https:\/\/diarionews.com.br\/index.php?rest_route=\/wp\/v2\/posts\/3464\/revisions"}],"predecessor-version":[{"id":3465,"href":"https:\/\/diarionews.com.br\/index.php?rest_route=\/wp\/v2\/posts\/3464\/revisions\/3465"}],"wp:featuredmedia":[{"embeddable":true,"href":"https:\/\/diarionews.com.br\/index.php?rest_route=\/wp\/v2\/media\/3452"}],"wp:attachment":[{"href":"https:\/\/diarionews.com.br\/index.php?rest_route=%2Fwp%2Fv2%2Fmedia&parent=3464"}],"wp:term":[{"taxonomy":"category","embeddable":true,"href":"https:\/\/diarionews.com.br\/index.php?rest_route=%2Fwp%2Fv2%2Fcategories&post=3464"},{"taxonomy":"post_tag","embeddable":true,"href":"https:\/\/diarionews.com.br\/index.php?rest_route=%2Fwp%2Fv2%2Ftags&post=3464"}],"curies":[{"name":"wp","href":"https:\/\/api.w.org\/{rel}","templated":true}]}}