{"id":3462,"date":"2026-01-22T05:20:00","date_gmt":"2026-01-22T09:20:00","guid":{"rendered":"https:\/\/diarionews.com.br\/?p=3462"},"modified":"2026-01-21T16:06:33","modified_gmt":"2026-01-21T20:06:33","slug":"fim-da-escala-6x1-deve-aumentar-produtividade-diz-boulos","status":"publish","type":"post","link":"https:\/\/diarionews.com.br\/?p=3462","title":{"rendered":"Fim da escala 6&#215;1 deve aumentar produtividade, diz Boulos"},"content":{"rendered":"\n<h3 class=\"wp-block-heading has-text-align-center\"><em><strong>Em entrevista ao Bom dia, Ministro, ele defendeu a redu\u00e7\u00e3o da jornada<\/strong><\/em><\/h3>\n\n\n\n<p>O ministro da Secretaria-Geral da Presid\u00eancia, Guilherme Boulos, afirmou, nesta quarta-feira (25), que o fim da escala de seis dias de trabalho por um de folga (6&#215;1) no Brasil deve levar ao aumento da produtividade da economia do pa\u00eds. Em entrevista ao programa&nbsp;<em>Bom dia, Ministro<\/em>, do&nbsp;<strong>Canal Gov<\/strong>, ele defendeu a redu\u00e7\u00e3o de jornada para os trabalhadores e deu exemplos de empresas que j\u00e1 adotaram novos regimes de trabalho.<\/p>\n\n\n\n<p><strong>Segundo Boulos, um estudo da Funda\u00e7\u00e3o Getulio Vargas, em 2024, envolvendo 19 empresas que reduziram a jornada de trabalho apontou&nbsp;aumento de receita de 72% delas e de cumprimento de prazos em 44%.<\/strong>&nbsp;\u201cEst\u00e3o reduzindo mesmo sem a legisla\u00e7\u00e3o\u201d, destacou.<\/p>\n\n\n\n<p>\u201cE por que aumenta a produtividade? Com seis dias de trabalho, um de descanso &#8211; e \u00e0s vezes esse um, principalmente para as mulheres, \u00e9 para fazer servi\u00e7o de cuidado em casa &#8211; quando essa pessoa chega ao trabalho, ela j\u00e1 est\u00e1 cansada. Quando esse trabalhador ou trabalhadora est\u00e1 mais descansado, o resultado \u00e9 que ele vai trabalhar melhor. Ent\u00e3o, o que a gente sustenta \u00e9 baseado em dados\u201d, afirmou.<\/p>\n\n\n\n<p><strong>O ministro contou ainda que a empresa Microsoft, no Jap\u00e3o, adotou a escala 4 por 3 e teve aumentou de&nbsp;40% na produtividade individual do trabalhador<\/strong>. Boulos tamb\u00e9m deu exemplo de outros pa\u00edses.<\/p>\n\n\n\n<p>\u201cA Isl\u00e2ndia em 2023 reduziu para 35 horas [semanais], com jornada 4 por 3. Sabe o que aconteceu? A economia da Isl\u00e2ndia cresceu 5% e a produtividade do trabalho aumentou 1,5%. Nos Estados Unidos, houve uma redu\u00e7\u00e3o m\u00e9dia de 35 minutos de trabalho por dia nos \u00faltimos tr\u00eas anos. N\u00e3o foi uma lei, isso aconteceu pela pr\u00f3pria din\u00e2mica do mercado e aumentou em m\u00e9dia 2% da produtividade\u201d, disse.<\/p>\n\n\n\n<p><strong>Segundo Boulos, a baixa produtividade da economia \u00e9 um dos argumentos de quem \u00e9 contra a mudan\u00e7a na escala de trabalho.<\/strong><\/p>\n\n\n\n<p>\u201cSe a produtividade \u00e9 baixa e voc\u00ea n\u00e3o quer deixar um tempo para o trabalhador fazer um curso de qualifica\u00e7\u00e3o, como \u00e9 que vai aumentar a produtividade?\u201d, questionou.<\/p>\n\n\n\n<p>\u201cAli\u00e1s, uma parte importante de uma produtividade menor que a m\u00e9dia no Brasil n\u00e3o \u00e9 responsabilidade do trabalhador, \u00e9 do setor privado que n\u00e3o investe em inova\u00e7\u00e3o e tecnologia. Quase todo o investimento em inova\u00e7\u00e3o, tecnologia e pesquisa no Brasil \u00e9 do setor p\u00fablico. O setor privado brasileiro \u00e9 um dos que menos investe, proporcionalmente aos pa\u00edses no mesmo patamar\u201d, argumentou.<\/p>\n\n\n\n<p><strong>A proposta defendida pelo governo \u00e9 a redu\u00e7\u00e3o das atuais 44 horas semanais de trabalho para 40 horas semanais, sem redu\u00e7\u00e3o de sal\u00e1rio, em um regime de, no m\u00e1ximo, cinco dias de trabalho por dois de folga (6&#215;1)<\/strong>. A medida deve incluir ainda um per\u00edodo de transi\u00e7\u00e3o e compensa\u00e7\u00f5es para&nbsp;<a href=\"https:\/\/agenciabrasil.ebc.com.br\/economia\/noticia\/2025-11\/fim-da-escala-6x1-pode-ter-transicao-para-micro-e-pequenas-empresas\" target=\"_blank\" rel=\"noreferrer noopener\"><strong>micro e pequenas empresas<\/strong><\/a>.<\/p>\n\n\n\n<p>\u201cEssa \u00e9 a proposta que est\u00e1 sendo desenhada para todos os setores da economia no Brasil, por uma quest\u00e3o de dignidade dos trabalhadores\u201d, disse Boulos, destacando que h\u00e1 um avan\u00e7o na discuss\u00e3o com o Congresso para que o tema seja votado ainda neste semestre.<\/p>\n\n\n\n<p><strong>Em fevereiro do ano passado, foi protocolada na C\u00e2mara dos Deputados a&nbsp;<\/strong><a href=\"https:\/\/agenciabrasil.ebc.com.br\/politica\/noticia\/2025-02\/pec-contra-escala-6x1-e-protocolada-na-camara-com-234-assinaturas\" target=\"_blank\" rel=\"noreferrer noopener\"><strong>Proposta de Emenda \u00e0 Constitui\u00e7\u00e3o<\/strong><\/a><strong>&nbsp;(PEC) n\u00ba 8\/2025 que acaba com a escala 6&#215;1<\/strong>. A PEC estabelece a jornada de trabalho de, no m\u00e1ximo, 36 horas semanais e 4 dias de trabalho por semana, mas h\u00e1 outras propostas no Congresso que tratam da&nbsp;redu\u00e7\u00e3o de jornada.<\/p>\n\n\n\n<h2 class=\"wp-block-heading\">Juros<\/h2>\n\n\n\n<p><strong>O projeto sofre resist\u00eancia de setores empresariais que tamb\u00e9m alegam que a medida levaria ao aumento dos custos operacionais das empresas com a contrata\u00e7\u00e3o de mais trabalhadores<\/strong>. Para Boulos, h\u00e1 um super dimensionamento do custo da redu\u00e7\u00e3o de escala de trabalho, mas que para os pequenos ser\u00e1 discutido um modelo de adapta\u00e7\u00e3o.<\/p>\n\n\n\n<p>O ministro da Secretaria-Geral criticou os juros altos no Brasil e afirmou que isso pressiona mais o setor produtivo.<\/p>\n\n\n\n<p>\u201cMuitas vezes, esses pequenos neg\u00f3cios est\u00e3o endividados por essa taxa de juro escorchante [abusiva], de agiotagem, que a gente tem no Brasil\u201d, afirmou.<\/p>\n\n\n\n<p><strong>Uns dos instrumentos para controlar a infla\u00e7\u00e3o \u00e9 a taxa b\u00e1sica de juros (a Selic), definida atualmente em 15% ao ano pelo Comit\u00ea de Pol\u00edtica Monet\u00e1ria (Copom) do Banco Central.<\/strong><\/p>\n\n\n\n<p>Mesmo com o recuo dos pre\u00e7os, a Selic est\u00e1 no maior n\u00edvel desde julho de 2006, quando estava em 15,25% ao ano. Ap\u00f3s chegar a 10,5% ao ano em maio de 2024, a taxa come\u00e7ou a ser elevada em setembro de 2024. A Selic chegou a&nbsp;<a href=\"https:\/\/agenciabrasil.ebc.com.br\/economia\/noticia\/2025-12\/bc-mantem-juros-basicos-em-15-ao-ano-pela-quarta-vez-seguida\" target=\"_blank\" rel=\"noreferrer noopener\"><strong>15% ao ano<\/strong><\/a>&nbsp;na reuni\u00e3o de junho do ano passado, sendo mantida nesse n\u00edvel desde ent\u00e3o.<\/p>\n\n\n\n<p>\u201cJ\u00e1 passou da hora de reduzir essa taxa de juros, porque 15% de juros nenhum trabalhador aguenta e nenhum empres\u00e1rio aguenta. Como \u00e9 que voc\u00ea vai aumentar o investimento? Como \u00e9 que voc\u00ea vai arrumar capital de giro com esse custo do dinheiro? N\u00e3o tem o menor cabimento. Ent\u00e3o, parte do problema que vai aliviar os pequenos, os m\u00e9dios e, nesse caso, at\u00e9 os grandes empres\u00e1rios do Brasil \u00e9 a redu\u00e7\u00e3o da taxa de juros escorchante e injustific\u00e1vel\u201d, argumentou.<\/p>\n\n\n\n<p><strong>A pr\u00f3xima reuni\u00e3o do Copom ocorre em 27 e 28 de janeiro.<\/strong>&nbsp;Em comunicado, na \u00faltima reuni\u00e3o em dezembro, o colegiado n\u00e3o deu pistas de quando deve come\u00e7ar a cortar os juros. O BC informou que o cen\u00e1rio atual est\u00e1 marcado por grande incerteza, que exige cautela na pol\u00edtica monet\u00e1ria, e que a estrat\u00e9gia da institui\u00e7\u00e3o \u00e9 manter a Selic neste patamar por bastante tempo.<\/p>\n\n\n\n<p><strong>ANDREIA VERD\u00c9LIO &#8211; REP\u00d3RTER DA AG\u00caNCIA BRASIL<\/strong><\/p>\n","protected":false},"excerpt":{"rendered":"<p>Em entrevista ao Bom dia, Ministro, ele defendeu a redu\u00e7\u00e3o da jornada O ministro da Secretaria-Geral da Presid\u00eancia, Guilherme Boulos, afirmou, nesta quarta-feira (25), que o fim da escala de seis dias de trabalho por um de folga (6&#215;1) no Brasil deve levar ao aumento da produtividade da economia do pa\u00eds. Em entrevista ao programa&nbsp;Bom [&hellip;]<\/p>\n","protected":false},"author":3,"featured_media":3448,"comment_status":"open","ping_status":"open","sticky":false,"template":"","format":"standard","meta":{"footnotes":""},"categories":[12],"tags":[1056,1058,1055,1057,956],"class_list":["post-3462","post","type-post","status-publish","format-standard","has-post-thumbnail","hentry","category-nacionais","tag-6x1","tag-boulos","tag-esala-6x1","tag-escala-de-trabalho","tag-importante"],"_links":{"self":[{"href":"https:\/\/diarionews.com.br\/index.php?rest_route=\/wp\/v2\/posts\/3462","targetHints":{"allow":["GET"]}}],"collection":[{"href":"https:\/\/diarionews.com.br\/index.php?rest_route=\/wp\/v2\/posts"}],"about":[{"href":"https:\/\/diarionews.com.br\/index.php?rest_route=\/wp\/v2\/types\/post"}],"author":[{"embeddable":true,"href":"https:\/\/diarionews.com.br\/index.php?rest_route=\/wp\/v2\/users\/3"}],"replies":[{"embeddable":true,"href":"https:\/\/diarionews.com.br\/index.php?rest_route=%2Fwp%2Fv2%2Fcomments&post=3462"}],"version-history":[{"count":1,"href":"https:\/\/diarionews.com.br\/index.php?rest_route=\/wp\/v2\/posts\/3462\/revisions"}],"predecessor-version":[{"id":3463,"href":"https:\/\/diarionews.com.br\/index.php?rest_route=\/wp\/v2\/posts\/3462\/revisions\/3463"}],"wp:featuredmedia":[{"embeddable":true,"href":"https:\/\/diarionews.com.br\/index.php?rest_route=\/wp\/v2\/media\/3448"}],"wp:attachment":[{"href":"https:\/\/diarionews.com.br\/index.php?rest_route=%2Fwp%2Fv2%2Fmedia&parent=3462"}],"wp:term":[{"taxonomy":"category","embeddable":true,"href":"https:\/\/diarionews.com.br\/index.php?rest_route=%2Fwp%2Fv2%2Fcategories&post=3462"},{"taxonomy":"post_tag","embeddable":true,"href":"https:\/\/diarionews.com.br\/index.php?rest_route=%2Fwp%2Fv2%2Ftags&post=3462"}],"curies":[{"name":"wp","href":"https:\/\/api.w.org\/{rel}","templated":true}]}}