{"id":3460,"date":"2026-01-22T05:20:00","date_gmt":"2026-01-22T09:20:00","guid":{"rendered":"https:\/\/diarionews.com.br\/?p=3460"},"modified":"2026-01-21T16:05:12","modified_gmt":"2026-01-21T20:05:12","slug":"casamento-abencoado-segue-com-vagas-disponiveis-e-inscricoes-abertas-ate-30-de-janeiro","status":"publish","type":"post","link":"https:\/\/diarionews.com.br\/?p=3460","title":{"rendered":"Casamento Aben\u00e7oado segue com vagas dispon\u00edveis e inscri\u00e7\u00f5es abertas at\u00e9 30 de janeiro"},"content":{"rendered":"\n<p>Projeto garante regulariza\u00e7\u00e3o civil gratuita e fortalece v\u00ednculos familiares em Mato Grosso<\/p>\n\n\n\n<p>As inscri\u00e7\u00f5es para o Casamento Aben\u00e7oado 2026, em Cuiab\u00e1, seguem abertas at\u00e9 o dia 30 de janeiro e ainda h\u00e1 vagas dispon\u00edveis para casais interessados. A cerim\u00f4nia coletiva \u00e9 idealizada pela primeira-dama de Mato Grosso, Virginia Mendes, e executada pela Secretaria de Estado de Assist\u00eancia Social e Cidadania (Setasc-MT), reunindo casais da Capital e de munic\u00edpios da Baixada Cuiabana.<\/p>\n\n\n\n<p>Ao falar sobre a iniciativa, a primeira-dama destacou a import\u00e2ncia da a\u00e7\u00e3o para as fam\u00edlias mato-grossenses, ressaltando o alcance social do projeto e seu papel na garantia de direitos.<\/p>\n\n\n\n<p>\u201cO Casamento Aben\u00e7oado \u00e9 uma a\u00e7\u00e3o que leva dignidade, seguran\u00e7a jur\u00eddica e reconhecimento \u00e0s fam\u00edlias de Mato Grosso. Para muitos casais, \u00e9 a oportunidade de oficializar a uni\u00e3o e fortalecer ainda mais os la\u00e7os familiares, com respeito e responsabilidade. \u00c9 um projeto que transforma vidas e refor\u00e7a o valor da fam\u00edlia como base da nossa sociedade\u201d, afirmou.<\/p>\n\n\n\n<p>Os interessados em oficializar gratuitamente a uni\u00e3o civil podem realizar a inscri\u00e7\u00e3o no Centro de Refer\u00eancia de Assist\u00eancia Social (CRAS) mais pr\u00f3ximo da resid\u00eancia ou diretamente na sede da Setasc, localizada na Rua Jornalista Amaro de Figueiredo Falc\u00e3o, n\u00ba 503, bairro CPA I, em Cuiab\u00e1. Como ainda h\u00e1 vagas dispon\u00edveis, a orienta\u00e7\u00e3o \u00e9 que os casais procurem os pontos de inscri\u00e7\u00e3o o quanto antes.<\/p>\n\n\n\n<p>O projeto visa promover a regulariza\u00e7\u00e3o civil matrimonial de casais em situa\u00e7\u00e3o de vulnerabilidade social, garantindo o acesso a um direito fundamental e contribuindo para o fortalecimento dos v\u00ednculos familiares.<\/p>\n\n\n\n<p>No ato da inscri\u00e7\u00e3o, \u00e9 obrigat\u00f3ria a apresenta\u00e7\u00e3o da certid\u00e3o de nascimento original e atualizada, emitida h\u00e1 no m\u00e1ximo 90 dias, documento oficial com foto e comprovante de endere\u00e7o. O casal tamb\u00e9m deve comparecer acompanhado de duas testemunhas maiores de 18 anos, munidas de RG, CPF e comprovante de endere\u00e7o, exceto pai e m\u00e3e.<\/p>\n\n\n\n<p>A a\u00e7\u00e3o \u00e9 destinada a casais de todas as religi\u00f5es, pessoas com defici\u00eancia e fam\u00edlias com renda total de at\u00e9 tr\u00eas sal\u00e1rios m\u00ednimos, devidamente inscritas no Cadastro \u00danico para Programas Sociais do Governo Federal.<\/p>\n\n\n\n<p>Segundo o secret\u00e1rio de Estado de Assist\u00eancia Social e Cidadania, Klebson Gomes, o Casamento Aben\u00e7oado \u00e9 um dos projetos mais simb\u00f3licos desenvolvidos na \u00e1rea social.<\/p>\n\n\n\n<p>\u201cO Casamento Aben\u00e7oado vai al\u00e9m da formaliza\u00e7\u00e3o de um v\u00ednculo. Ele representa a garantia de um direito e o fortalecimento das fam\u00edlias. \u00c9 gratificante acompanhar o empenho das equipes e dos parceiros que tornam esse sonho poss\u00edvel para tantos casais\u201d, destacou.<\/p>\n\n\n\n<p>O Casamento Aben\u00e7oado \u00e9 realizado em parceria com a Associa\u00e7\u00e3o dos Not\u00e1rios e Registradores de Mato Grosso, a Associa\u00e7\u00e3o dos Registradores de Pessoas Naturais de Mato Grosso, o Tribunal de Justi\u00e7a de Mato Grosso, por meio da Corregedoria-Geral da Justi\u00e7a e da Justi\u00e7a Comunit\u00e1ria, o Minist\u00e9rio P\u00fablico do Estado de Mato Grosso, al\u00e9m dos Tabelionatos de Registro Civil e das Secretarias Municipais de Assist\u00eancia Social.<\/p>\n\n\n\n<p>Assessoria&nbsp;|&nbsp;Setasc-MT<\/p>\n","protected":false},"excerpt":{"rendered":"<p>Projeto garante regulariza\u00e7\u00e3o civil gratuita e fortalece v\u00ednculos familiares em Mato Grosso As inscri\u00e7\u00f5es para o Casamento Aben\u00e7oado 2026, em Cuiab\u00e1, seguem abertas at\u00e9 o dia 30 de janeiro e ainda h\u00e1 vagas dispon\u00edveis para casais interessados. A cerim\u00f4nia coletiva \u00e9 idealizada pela primeira-dama de Mato Grosso, Virginia Mendes, e executada pela Secretaria de Estado [&hellip;]<\/p>\n","protected":false},"author":3,"featured_media":3453,"comment_status":"open","ping_status":"open","sticky":false,"template":"","format":"standard","meta":{"footnotes":""},"categories":[18],"tags":[1054,1053,956,718],"class_list":["post-3460","post","type-post","status-publish","format-standard","has-post-thumbnail","hentry","category-estaduais","tag-casamento","tag-casamento-abencoado-2026","tag-importante","tag-matogrosso"],"_links":{"self":[{"href":"https:\/\/diarionews.com.br\/index.php?rest_route=\/wp\/v2\/posts\/3460","targetHints":{"allow":["GET"]}}],"collection":[{"href":"https:\/\/diarionews.com.br\/index.php?rest_route=\/wp\/v2\/posts"}],"about":[{"href":"https:\/\/diarionews.com.br\/index.php?rest_route=\/wp\/v2\/types\/post"}],"author":[{"embeddable":true,"href":"https:\/\/diarionews.com.br\/index.php?rest_route=\/wp\/v2\/users\/3"}],"replies":[{"embeddable":true,"href":"https:\/\/diarionews.com.br\/index.php?rest_route=%2Fwp%2Fv2%2Fcomments&post=3460"}],"version-history":[{"count":1,"href":"https:\/\/diarionews.com.br\/index.php?rest_route=\/wp\/v2\/posts\/3460\/revisions"}],"predecessor-version":[{"id":3461,"href":"https:\/\/diarionews.com.br\/index.php?rest_route=\/wp\/v2\/posts\/3460\/revisions\/3461"}],"wp:featuredmedia":[{"embeddable":true,"href":"https:\/\/diarionews.com.br\/index.php?rest_route=\/wp\/v2\/media\/3453"}],"wp:attachment":[{"href":"https:\/\/diarionews.com.br\/index.php?rest_route=%2Fwp%2Fv2%2Fmedia&parent=3460"}],"wp:term":[{"taxonomy":"category","embeddable":true,"href":"https:\/\/diarionews.com.br\/index.php?rest_route=%2Fwp%2Fv2%2Fcategories&post=3460"},{"taxonomy":"post_tag","embeddable":true,"href":"https:\/\/diarionews.com.br\/index.php?rest_route=%2Fwp%2Fv2%2Ftags&post=3460"}],"curies":[{"name":"wp","href":"https:\/\/api.w.org\/{rel}","templated":true}]}}