{"id":3446,"date":"2026-01-22T05:15:00","date_gmt":"2026-01-22T09:15:00","guid":{"rendered":"https:\/\/diarionews.com.br\/?p=3446"},"modified":"2026-01-21T16:02:51","modified_gmt":"2026-01-21T20:02:51","slug":"anvisa-proibe-venda-de-canetas-emagrecedoras-sem-registro-no-pais","status":"publish","type":"post","link":"https:\/\/diarionews.com.br\/?p=3446","title":{"rendered":"Anvisa pro\u00edbe venda de canetas emagrecedoras sem registro no pa\u00eds"},"content":{"rendered":"\n<h3 class=\"wp-block-heading has-text-align-center\"><em><strong>N\u00e3o h\u00e1 garantia sobre conte\u00fado ou qualidade dos produtos, diz ag\u00eancia<\/strong><\/em><\/h3>\n\n\n\n<p><strong>Os medicamentos \u00e0&nbsp;base de tirzepatida&nbsp;das marcas Synedica e TG, e de retatrutida, de todas as marcas e lotes, tiveram sua comercializa\u00e7\u00e3o, distribui\u00e7\u00e3o, fabrica\u00e7\u00e3o, importa\u00e7\u00e3o, divulga\u00e7\u00e3o e uso proibidos pela Ag\u00eancia Nacional de Sa\u00fade (Anvisa) nesta quarta-feira (21).<\/strong>&nbsp;Esses produtos s\u00e3o popularmente conhecidos como&nbsp;<strong>\u201ccanetas emagrecedoras do Paraguai\u201d.<\/strong><\/p>\n\n\n\n<p>Segundo a ag\u00eancia, esses medicamentos s\u00e3o produzidos por empresas desconhecidas e s\u00e3o vendidos \u2013 em perfis no Instagram \u2013 \u201csem registro, notifica\u00e7\u00e3o ou cadastro na Anvisa\u201d.<\/p>\n\n\n\n<p>A Anvisa&nbsp;diz tamb\u00e9m em seu comunicado que, por serem irregulares e de origem desconhecida, \u201cn\u00e3o h\u00e1 garantia sobre o seu conte\u00fado ou qualidade\u201d, e que por isso essas canetas emagrecedoras n\u00e3o podem ser usadas \u201cem nenhuma hip\u00f3tese\u201d.<\/p>\n\n\n\n<p>A resolu\u00e7\u00e3o sobre a proibi\u00e7\u00e3o&nbsp;<a href=\"https:\/\/www.in.gov.br\/web\/dou\/-\/resolucao-re-n-214-de-20-de-janeiro-de-2026-682266619\" target=\"_blank\" rel=\"noreferrer noopener\"><strong>foi publicada no&nbsp;<\/strong><em><strong>Di\u00e1rio Oficial da Uni\u00e3o<\/strong><\/em><\/a>&nbsp;nesta quarta (21).<\/p>\n\n\n\n<p><strong>AG\u00caNCIA BRASIL<\/strong><\/p>\n","protected":false},"excerpt":{"rendered":"<p>N\u00e3o h\u00e1 garantia sobre conte\u00fado ou qualidade dos produtos, diz ag\u00eancia Os medicamentos \u00e0&nbsp;base de tirzepatida&nbsp;das marcas Synedica e TG, e de retatrutida, de todas as marcas e lotes, tiveram sua comercializa\u00e7\u00e3o, distribui\u00e7\u00e3o, fabrica\u00e7\u00e3o, importa\u00e7\u00e3o, divulga\u00e7\u00e3o e uso proibidos pela Ag\u00eancia Nacional de Sa\u00fade (Anvisa) nesta quarta-feira (21).&nbsp;Esses produtos s\u00e3o popularmente conhecidos como&nbsp;\u201ccanetas emagrecedoras do [&hellip;]<\/p>\n","protected":false},"author":3,"featured_media":3450,"comment_status":"open","ping_status":"open","sticky":false,"template":"","format":"standard","meta":{"footnotes":""},"categories":[12],"tags":[1050,956,867],"class_list":["post-3446","post","type-post","status-publish","format-standard","has-post-thumbnail","hentry","category-nacionais","tag-canetas-emagrecedoras","tag-importante","tag-saude"],"_links":{"self":[{"href":"https:\/\/diarionews.com.br\/index.php?rest_route=\/wp\/v2\/posts\/3446","targetHints":{"allow":["GET"]}}],"collection":[{"href":"https:\/\/diarionews.com.br\/index.php?rest_route=\/wp\/v2\/posts"}],"about":[{"href":"https:\/\/diarionews.com.br\/index.php?rest_route=\/wp\/v2\/types\/post"}],"author":[{"embeddable":true,"href":"https:\/\/diarionews.com.br\/index.php?rest_route=\/wp\/v2\/users\/3"}],"replies":[{"embeddable":true,"href":"https:\/\/diarionews.com.br\/index.php?rest_route=%2Fwp%2Fv2%2Fcomments&post=3446"}],"version-history":[{"count":1,"href":"https:\/\/diarionews.com.br\/index.php?rest_route=\/wp\/v2\/posts\/3446\/revisions"}],"predecessor-version":[{"id":3457,"href":"https:\/\/diarionews.com.br\/index.php?rest_route=\/wp\/v2\/posts\/3446\/revisions\/3457"}],"wp:featuredmedia":[{"embeddable":true,"href":"https:\/\/diarionews.com.br\/index.php?rest_route=\/wp\/v2\/media\/3450"}],"wp:attachment":[{"href":"https:\/\/diarionews.com.br\/index.php?rest_route=%2Fwp%2Fv2%2Fmedia&parent=3446"}],"wp:term":[{"taxonomy":"category","embeddable":true,"href":"https:\/\/diarionews.com.br\/index.php?rest_route=%2Fwp%2Fv2%2Fcategories&post=3446"},{"taxonomy":"post_tag","embeddable":true,"href":"https:\/\/diarionews.com.br\/index.php?rest_route=%2Fwp%2Fv2%2Ftags&post=3446"}],"curies":[{"name":"wp","href":"https:\/\/api.w.org\/{rel}","templated":true}]}}