{"id":3365,"date":"2026-01-21T06:20:00","date_gmt":"2026-01-21T10:20:00","guid":{"rendered":"https:\/\/diarionews.com.br\/?p=3365"},"modified":"2026-01-20T14:25:52","modified_gmt":"2026-01-20T18:25:52","slug":"janeiro-roxo-hanseniase-ainda-e-desafio-para-a-saude-publica-em-mato-grosso","status":"publish","type":"post","link":"https:\/\/diarionews.com.br\/?p=3365","title":{"rendered":"Janeiro Roxo: Hansen\u00edase ainda \u00e9 desafio para a sa\u00fade p\u00fablica em Mato Grosso"},"content":{"rendered":"\n<p>Com mais de 4 mil casos notificados em Mato Grosso em 2024, a hansen\u00edase continua sendo um grande desafio para a sa\u00fade p\u00fablica no Brasil. Embora a doen\u00e7a tenha sido progressivamente controlada, ainda representa um problema relevante, especialmente em \u00e1reas end\u00eamicas como o estado de Mato Grosso. O tratamento, disponibilizado gratuitamente pelo Sistema \u00danico de Sa\u00fade (SUS), varia de seis meses a um ano, dependendo da forma e gravidade da enfermidade.&nbsp;<\/p>\n\n\n\n<p>A Unidade B\u00e1sica de Sa\u00fade (UBS) \u00e9 a principal porta de entrada para o diagn\u00f3stico e avalia\u00e7\u00e3o inicial da hansen\u00edase nos munic\u00edpios. Nessas unidades, os profissionais de sa\u00fade s\u00e3o treinados para identificar os primeiros sinais da doen\u00e7a, como manchas na pele e perda de sensibilidade, que, se n\u00e3o tratados a tempo, podem levar a complica\u00e7\u00f5es graves. Quando necess\u00e1rio, os pacientes s\u00e3o encaminhados para Centros de Refer\u00eancia em Hansen\u00edase, que possuem uma estrutura mais especializada, oferecendo tratamento avan\u00e7ado e acompanhamento cont\u00ednuo para aqueles com formas mais graves ou complicadas da doen\u00e7a.<\/p>\n\n\n\n<p>A conscientiza\u00e7\u00e3o sobre a preven\u00e7\u00e3o e o diagn\u00f3stico precoce da hansen\u00edase tem ganhado for\u00e7a especialmente durante o Janeiro Roxo, uma campanha nacional idealizada pelo Minist\u00e9rio da Sa\u00fade. Essa a\u00e7\u00e3o busca sensibilizar a popula\u00e7\u00e3o sobre a import\u00e2ncia da detec\u00e7\u00e3o precoce da doen\u00e7a, que, se diagnosticada a tempo, pode ser tratada com efici\u00eancia, evitando complica\u00e7\u00f5es e o estigma social.<\/p>\n\n\n\n<p>A Associa\u00e7\u00e3o Mato-grossense dos Munic\u00edpios (AMM) apoia essa iniciativa e destaca o papel fundamental da campanha para despertar a sociedade sobre a import\u00e2ncia da preven\u00e7\u00e3o e do diagn\u00f3stico precoce. A hansen\u00edase \u00e9 uma doen\u00e7a de notifica\u00e7\u00e3o compuls\u00f3ria, o que significa que profissionais de sa\u00fade devem registrar e comunicar todos os casos diagnosticados, contribuindo para o controle e erradica\u00e7\u00e3o da enfermidade.&nbsp;<\/p>\n\n\n\n<p><strong>Aten\u00e7\u00e3o especializada &#8211;&nbsp;<\/strong>Em Mato Grosso, seis munic\u00edpios mant\u00eam Ambulat\u00f3rios de Aten\u00e7\u00e3o Especializada Regionalizados (AAER), que oferecem tratamento da hansen\u00edase em Alta Floresta, Barra do Gar\u00e7as, Juara, Ju\u00edna, Tangar\u00e1 da Serra e V\u00e1rzea Grande. O Hospital Regional de Col\u00edder passou a ofertar atendimento especializado em 2025, ampliando a rede de assist\u00eancia.&nbsp;<\/p>\n\n\n\n<p><strong>A\u00e7\u00f5es nos munic\u00edpios \u2013<\/strong>&nbsp;Munic\u00edpios de todo o estado est\u00e3o desenvolvendo a\u00e7\u00f5es em alus\u00e3o \u00e0 campanha Janeiro Roxo e refor\u00e7ando a import\u00e2ncia do diagn\u00f3stico precoce. As atividades incluem campanhas de esclarecimento, orienta\u00e7\u00f5es, eventos educativos, entre outras atividades direcionadas \u00e0 popula\u00e7\u00e3o. Em V\u00e1rzea Grande, Unidades de Sa\u00fade da Fam\u00edlia (USF) est\u00e3o realizando a\u00e7\u00f5es de conscientiza\u00e7\u00e3o, avalia\u00e7\u00e3o cl\u00ednica, busca ativa e diagn\u00f3stico, facilitando o acesso da popula\u00e7\u00e3o.&nbsp;<\/p>\n\n\n\n<p>Aripuan\u00e3 organiza o Dia D de Combate \u00e0 Hansen\u00edase, que ser\u00e1 realizado no dia 24 de janeiro, em que profissionais de sa\u00fade v\u00e3o orientar a popula\u00e7\u00e3o, identificar sinais suspeitos e encaminhar os casos para acompanhamento e tratamento, quando necess\u00e1rio.&nbsp;<\/p>\n\n\n\n<p>Em Sinop as a\u00e7\u00f5es incluem atendimentos espec\u00edficos nas Unidades B\u00e1sicas de Sa\u00fade (UBSs) e no Centro de Refer\u00eancia em Combate \u00e0 Hansen\u00edase e Tuberculose. As iniciativas contemplam, ainda, a qualifica\u00e7\u00e3o de novos profissionais da sa\u00fade que integram a Aten\u00e7\u00e3o Prim\u00e1ria \u00e0 Sa\u00fade.<\/p>\n\n\n\n<h3 class=\"wp-block-heading\">Comunica\u00e7\u00e3o Social AMM<\/h3>\n","protected":false},"excerpt":{"rendered":"<p>Com mais de 4 mil casos notificados em Mato Grosso em 2024, a hansen\u00edase continua sendo um grande desafio para a sa\u00fade p\u00fablica no Brasil. Embora a doen\u00e7a tenha sido progressivamente controlada, ainda representa um problema relevante, especialmente em \u00e1reas end\u00eamicas como o estado de Mato Grosso. O tratamento, disponibilizado gratuitamente pelo Sistema \u00danico de [&hellip;]<\/p>\n","protected":false},"author":3,"featured_media":3366,"comment_status":"open","ping_status":"open","sticky":false,"template":"","format":"standard","meta":{"footnotes":""},"categories":[2],"tags":[1029,1028],"class_list":["post-3365","post","type-post","status-publish","format-standard","has-post-thumbnail","hentry","category-saude","tag-hanseniase","tag-janeiro-roxo"],"_links":{"self":[{"href":"https:\/\/diarionews.com.br\/index.php?rest_route=\/wp\/v2\/posts\/3365","targetHints":{"allow":["GET"]}}],"collection":[{"href":"https:\/\/diarionews.com.br\/index.php?rest_route=\/wp\/v2\/posts"}],"about":[{"href":"https:\/\/diarionews.com.br\/index.php?rest_route=\/wp\/v2\/types\/post"}],"author":[{"embeddable":true,"href":"https:\/\/diarionews.com.br\/index.php?rest_route=\/wp\/v2\/users\/3"}],"replies":[{"embeddable":true,"href":"https:\/\/diarionews.com.br\/index.php?rest_route=%2Fwp%2Fv2%2Fcomments&post=3365"}],"version-history":[{"count":1,"href":"https:\/\/diarionews.com.br\/index.php?rest_route=\/wp\/v2\/posts\/3365\/revisions"}],"predecessor-version":[{"id":3367,"href":"https:\/\/diarionews.com.br\/index.php?rest_route=\/wp\/v2\/posts\/3365\/revisions\/3367"}],"wp:featuredmedia":[{"embeddable":true,"href":"https:\/\/diarionews.com.br\/index.php?rest_route=\/wp\/v2\/media\/3366"}],"wp:attachment":[{"href":"https:\/\/diarionews.com.br\/index.php?rest_route=%2Fwp%2Fv2%2Fmedia&parent=3365"}],"wp:term":[{"taxonomy":"category","embeddable":true,"href":"https:\/\/diarionews.com.br\/index.php?rest_route=%2Fwp%2Fv2%2Fcategories&post=3365"},{"taxonomy":"post_tag","embeddable":true,"href":"https:\/\/diarionews.com.br\/index.php?rest_route=%2Fwp%2Fv2%2Ftags&post=3365"}],"curies":[{"name":"wp","href":"https:\/\/api.w.org\/{rel}","templated":true}]}}