{"id":3357,"date":"2026-01-20T09:14:58","date_gmt":"2026-01-20T13:14:58","guid":{"rendered":"https:\/\/diarionews.com.br\/?p=3357"},"modified":"2026-01-20T09:14:59","modified_gmt":"2026-01-20T13:14:59","slug":"policia-civil-prende-homem-por-importunacao-sexual-em-onibus-coletivo-em-cuiaba","status":"publish","type":"post","link":"https:\/\/diarionews.com.br\/?p=3357","title":{"rendered":"Pol\u00edcia Civil prende homem por importuna\u00e7\u00e3o sexual em \u00f4nibus coletivo em Cuiab\u00e1"},"content":{"rendered":"\n<h3 class=\"wp-block-heading has-text-align-center\"><em><strong>Ap\u00f3s a ado\u00e7\u00e3o das provid\u00eancias legais, o investigado foi encaminhado \u00e0 unidade prisional competente, onde permanece \u00e0 disposi\u00e7\u00e3o da Justi\u00e7a<\/strong><\/em><\/h3>\n\n\n\n<p>A Pol\u00edcia Civil prendeu um homem, de 35 anos, pelo crime de importuna\u00e7\u00e3o sexual, praticado contra uma mulher no interior de um \u00f4nibus coletivo, em Cuiab\u00e1. A pris\u00e3o ocorreu em cumprimento a um mandado de pris\u00e3o preventiva executado pela Delegacia Especializada de Defesa da Mulher (DEDM) da Capital.<\/p>\n\n\n\n<p>Conforme relato da v\u00edtima, ao embarcar no ve\u00edculo, ela se sentou na fileira direita, atr\u00e1s de um banco elevado, enquanto o suspeito j\u00e1 se encontrava na parte traseira do \u00f4nibus. Ap\u00f3s alguns instantes, a mulher sentiu algo em seu cabelo e, ao tocar, percebeu a presen\u00e7a de uma subst\u00e2ncia l\u00edquida de consist\u00eancia viscosa.<\/p>\n\n\n\n<p>Ao se levantar, a v\u00edtima visualizou o suspeito sentado logo atr\u00e1s, com o short visivelmente molhado. Em seguida, o homem acionou o sinal de parada e desceu do coletivo, tomando rumo ignorado.<\/p>\n\n\n\n<p>Abalada e constrangida, a v\u00edtima procurou imediatamente a Delegacia Especializada de Defesa da Mulher, onde registrou a ocorr\u00eancia.<\/p>\n\n\n\n<p>O delegado Sidarta Vidigal, respons\u00e1vel pelo caso, representou pela pris\u00e3o preventiva do investigado, destacando a gravidade da conduta, o risco de reitera\u00e7\u00e3o criminosa e a necessidade de assegurar a integridade psicol\u00f3gica e a tranquilidade da v\u00edtima.<\/p>\n\n\n\n<p>No decorrer das investiga\u00e7\u00f5es, o suspeito foi identificado e preso em sua resid\u00eancia, localizada no bairro Pascoal Ramos, em Cuiab\u00e1, mediante cumprimento de mandado de pris\u00e3o preventiva.<\/p>\n\n\n\n<p>Ap\u00f3s a ado\u00e7\u00e3o das provid\u00eancias legais, o investigado foi encaminhado \u00e0 unidade prisional competente, onde permanece \u00e0 disposi\u00e7\u00e3o da Justi\u00e7a.<\/p>\n\n\n\n<p><strong>Hist\u00f3rico criminal<\/strong><\/p>\n\n\n\n<p>Durante levantamento realizado pela Pol\u00edcia Civil, foi constatado que o homem j\u00e1 possu\u00eda registro criminal por outro crime de importuna\u00e7\u00e3o sexual, ocorrido em 2022. Na ocasi\u00e3o, a v\u00edtima teria sido uma adolescente de 13 anos, e o fato teria ocorrido no interior de um shopping da Capital, quando o suspeito teria exposto o \u00f3rg\u00e3o genital \u00e0 menor.<\/p>\n\n\n\n<p>Assessoria&nbsp;|&nbsp;Pol\u00edcia Civil-MT<\/p>\n","protected":false},"excerpt":{"rendered":"<p>Ap\u00f3s a ado\u00e7\u00e3o das provid\u00eancias legais, o investigado foi encaminhado \u00e0 unidade prisional competente, onde permanece \u00e0 disposi\u00e7\u00e3o da Justi\u00e7a A Pol\u00edcia Civil prendeu um homem, de 35 anos, pelo crime de importuna\u00e7\u00e3o sexual, praticado contra uma mulher no interior de um \u00f4nibus coletivo, em Cuiab\u00e1. A pris\u00e3o ocorreu em cumprimento a um mandado de [&hellip;]<\/p>\n","protected":false},"author":3,"featured_media":3351,"comment_status":"open","ping_status":"open","sticky":false,"template":"","format":"standard","meta":{"footnotes":""},"categories":[14],"tags":[93,1027],"class_list":["post-3357","post","type-post","status-publish","format-standard","has-post-thumbnail","hentry","category-policia","tag-policiamilitar","tag-importunacao-sexual"],"_links":{"self":[{"href":"https:\/\/diarionews.com.br\/index.php?rest_route=\/wp\/v2\/posts\/3357","targetHints":{"allow":["GET"]}}],"collection":[{"href":"https:\/\/diarionews.com.br\/index.php?rest_route=\/wp\/v2\/posts"}],"about":[{"href":"https:\/\/diarionews.com.br\/index.php?rest_route=\/wp\/v2\/types\/post"}],"author":[{"embeddable":true,"href":"https:\/\/diarionews.com.br\/index.php?rest_route=\/wp\/v2\/users\/3"}],"replies":[{"embeddable":true,"href":"https:\/\/diarionews.com.br\/index.php?rest_route=%2Fwp%2Fv2%2Fcomments&post=3357"}],"version-history":[{"count":1,"href":"https:\/\/diarionews.com.br\/index.php?rest_route=\/wp\/v2\/posts\/3357\/revisions"}],"predecessor-version":[{"id":3358,"href":"https:\/\/diarionews.com.br\/index.php?rest_route=\/wp\/v2\/posts\/3357\/revisions\/3358"}],"wp:featuredmedia":[{"embeddable":true,"href":"https:\/\/diarionews.com.br\/index.php?rest_route=\/wp\/v2\/media\/3351"}],"wp:attachment":[{"href":"https:\/\/diarionews.com.br\/index.php?rest_route=%2Fwp%2Fv2%2Fmedia&parent=3357"}],"wp:term":[{"taxonomy":"category","embeddable":true,"href":"https:\/\/diarionews.com.br\/index.php?rest_route=%2Fwp%2Fv2%2Fcategories&post=3357"},{"taxonomy":"post_tag","embeddable":true,"href":"https:\/\/diarionews.com.br\/index.php?rest_route=%2Fwp%2Fv2%2Ftags&post=3357"}],"curies":[{"name":"wp","href":"https:\/\/api.w.org\/{rel}","templated":true}]}}