{"id":3342,"date":"2026-01-20T09:09:09","date_gmt":"2026-01-20T13:09:09","guid":{"rendered":"https:\/\/diarionews.com.br\/?p=3342"},"modified":"2026-01-20T09:09:12","modified_gmt":"2026-01-20T13:09:12","slug":"hospital-central-atende-primeiros-pacientes-e-uma-bencao","status":"publish","type":"post","link":"https:\/\/diarionews.com.br\/?p=3342","title":{"rendered":"Hospital Central atende primeiros pacientes: \u201c\u00e9 uma ben\u00e7\u00e3o\u201d"},"content":{"rendered":"\n<h3 class=\"wp-block-heading has-text-align-center\"><em><strong>Nova unidade de sa\u00fade do Governo de MT realizou os primeiros atendimentos na tarde desta segunda-feira (19)<\/strong><\/em><\/h3>\n\n\n<div class=\"wp-block-image\">\n<figure class=\"aligncenter size-full is-resized\"><img loading=\"lazy\" decoding=\"async\" width=\"1024\" height=\"682\" src=\"https:\/\/diarionews.com.br\/wp-content\/uploads\/2026\/01\/WhatsApp-Image-2026-01-19-at-16.10.02-1.jpg\" alt=\"\" class=\"wp-image-3343\" style=\"width:824px;height:auto\" srcset=\"https:\/\/diarionews.com.br\/wp-content\/uploads\/2026\/01\/WhatsApp-Image-2026-01-19-at-16.10.02-1.jpg 1024w, https:\/\/diarionews.com.br\/wp-content\/uploads\/2026\/01\/WhatsApp-Image-2026-01-19-at-16.10.02-1-300x200.jpg 300w, https:\/\/diarionews.com.br\/wp-content\/uploads\/2026\/01\/WhatsApp-Image-2026-01-19-at-16.10.02-1-768x512.jpg 768w, https:\/\/diarionews.com.br\/wp-content\/uploads\/2026\/01\/WhatsApp-Image-2026-01-19-at-16.10.02-1-631x420.jpg 631w, https:\/\/diarionews.com.br\/wp-content\/uploads\/2026\/01\/WhatsApp-Image-2026-01-19-at-16.10.02-1-150x100.jpg 150w, https:\/\/diarionews.com.br\/wp-content\/uploads\/2026\/01\/WhatsApp-Image-2026-01-19-at-16.10.02-1-696x464.jpg 696w\" sizes=\"auto, (max-width: 1024px) 100vw, 1024px\" \/><\/figure><\/div>\n\n\n<p>O Hospital Central do Estado de Mato Grosso fez, na tarde desta segunda-feira (19.1), os atendimentos dos primeiros pacientes para consultas das especialidades de urologia, cirurgia pedi\u00e1trica e ortopedia pedi\u00e1trica. Eles foram encaminhados via Sistema Estadual de Regula\u00e7\u00e3o (Sisreg).<\/p>\n\n\n\n<p>\u201c\u00c9 uma surpresa para n\u00f3s e um privil\u00e9gio ser atendido primeiro aqui, abrindo as portas para os demais. A gente tem agora uma hist\u00f3ria para levar para os outros: \u2018olha, voc\u00eas acreditam que fui o primeiro, o primog\u00eanito l\u00e1 no hospital para ser atendido\u2019. Ent\u00e3o, \u00e9 muita gra\u00e7a, \u00e9 muita b\u00ean\u00e7\u00e3o. N\u00e3o tem mais o que dizer porque \u00e9 maravilhoso. Muita gente vai passar por aqui, vai sair daqui feliz\u201d, disse o pedreiro Ivanez Rodrigues Porto, 65 anos.<\/p>\n\n\n\n<p>O aposentado Gon\u00e7alo Beijo, 77 anos, agradeceu ao Governo de Mato Grosso pela entrega da estrutura. \u201cIsso aqui \u00e9 um hospital de n\u00edvel superior no Brasil, refer\u00eancia no Estado de Mato Grosso. \u00c9 muito bom, e os mato-grossenses merecem isso, o povo precisa e merece, \u00e9 uma sa\u00fade de boa qualidade e de primeira linha. Ent\u00e3o, parab\u00e9ns para o governo\u201d, afirmou.<\/p>\n\n\n\n<p>Elisio Santana Murtinho, 68 anos, que tamb\u00e9m foi um dos primeiros pacientes, disse que estava sendo atendido pelo Hospital de C\u00e2ncer e tinha cirurgia j\u00e1 recomendada.<\/p>\n\n\n\n<p>\u201cPara a minha surpresa, o Hospital Central me chamou e eu vim aqui para fazer a primeira consulta. O cart\u00e3o de visita foi maravilhoso. Esperamos que a sequ\u00eancia seja do mesmo jeito como fomos recepcionados\u201d, disse.<\/p>\n\n\n\n<p>Os atendimentos no Hospital Central iniciaram um m\u00eas ap\u00f3s a inaugurac\u00e3o da unidade, em 19 de dezembro. As obras do hospital foram retomadas pelo Governo de Mato Grosso depois de terem ficado 34 anos paralisadas.<\/p>\n\n\n\n<p>\u201cUm orgulho para todos n\u00f3s, mato-grossenses, ter um hospital p\u00fablico 100% constru\u00eddo com o dinheiro do Governo do Estado de Mato Grosso, equipado 100% com o dinheiro do Governo de Mato Grosso. Isso mostra que \u00e9 poss\u00edvel fazer coisas com qualidade e a popula\u00e7\u00e3o merece isso: &nbsp;receber n\u00e3o s\u00f3 um bel\u00edssimo pr\u00e9dio, bel\u00edssimos equipamentos e tecnologia, mas um excelente atendimento\u201d, afirmou o governador Mauro Mendes.<\/p>\n\n\n\n<p>Segundo o secret\u00e1rio de Estado de Sa\u00fade, Gilberto Figueiredo, este \u00e9 um dia hist\u00f3rico.<\/p>\n\n\n\n<p>\u201cPara a nossa alegria e satisfa\u00e7\u00e3o, o Hospital Central entra em opera\u00e7\u00e3o hoje conceituado como um dos melhores do pa\u00eds. E um hospital s\u00f3 \u00e9 vivo a partir do momento que come\u00e7a a receber pacientes. N\u00f3s estamos com todo o nosso time da parceria com o Einstein aqui, pronto, preparados. A popula\u00e7\u00e3o merece, esse \u00e9 um governo s\u00e9rio que prometeu fazer a sa\u00fade funcionar e faz grandes entregas \u00e0 popula\u00e7\u00e3o\u201d, destacou.<\/p>\n\n\n\n<p>De acordo com a diretora do Hospital Central, Alessandra Bokor, os primeiros pacientes passaram pelo atendimento ambulatorial e far\u00e3o exames pr\u00e9-operat\u00f3rios para encaminhamento \u00e0s cirurgias.<\/p>\n\n\n\n<p>\u201cA gente tem uma programa\u00e7\u00e3o progressiva prevista, com o crescimento gradual do atendimento das especialidades m\u00e9dicas. Entre quatro e cinco meses, estaremos com a capacidade plena de opera\u00e7\u00e3o do hospital, com todos os leitos, salas cir\u00fargicas e atendimentos ambulatoriais dispon\u00edveis\u201d, informou a diretora.<\/p>\n\n\n<div class=\"wp-block-image\">\n<figure class=\"aligncenter size-full is-resized\"><img loading=\"lazy\" decoding=\"async\" width=\"1024\" height=\"682\" src=\"https:\/\/diarionews.com.br\/wp-content\/uploads\/2026\/01\/WhatsApp-Image-2026-01-19-at-16.10.01.jpg\" alt=\"\" class=\"wp-image-3344\" style=\"width:770px;height:auto\" srcset=\"https:\/\/diarionews.com.br\/wp-content\/uploads\/2026\/01\/WhatsApp-Image-2026-01-19-at-16.10.01.jpg 1024w, https:\/\/diarionews.com.br\/wp-content\/uploads\/2026\/01\/WhatsApp-Image-2026-01-19-at-16.10.01-300x200.jpg 300w, https:\/\/diarionews.com.br\/wp-content\/uploads\/2026\/01\/WhatsApp-Image-2026-01-19-at-16.10.01-768x512.jpg 768w, https:\/\/diarionews.com.br\/wp-content\/uploads\/2026\/01\/WhatsApp-Image-2026-01-19-at-16.10.01-631x420.jpg 631w, https:\/\/diarionews.com.br\/wp-content\/uploads\/2026\/01\/WhatsApp-Image-2026-01-19-at-16.10.01-150x100.jpg 150w, https:\/\/diarionews.com.br\/wp-content\/uploads\/2026\/01\/WhatsApp-Image-2026-01-19-at-16.10.01-696x464.jpg 696w\" sizes=\"auto, (max-width: 1024px) 100vw, 1024px\" \/><\/figure><\/div>\n\n\n<p><strong>Saiba mais sobre o Hospital Central<\/strong><\/p>\n\n\n\n<p>O Hospital Central conta com 287 leitos totais: 191 leitos de enfermaria e 96 leitos de cuidados intensivos, sendo 60 de Unidade de Terapia Intensiva (UTI). A estrutura foi ampliada de 9 mil m\u00b2 para 32 mil m\u00b2 de \u00e1rea constru\u00edda para atender as demandas de alta complexidade de Mato Grosso.<\/p>\n\n\n\n<p>No Centro Cir\u00fargico, a unidade disp\u00f5e de dez salas cir\u00fargicas. O hospital tem dois aparelhos de hemodin\u00e2mica aptos a diagn\u00f3stico e tratamento de doen\u00e7as card\u00edacas e neurovasculares.<\/p>\n\n\n\n<p>A infraestrutura inclui ainda um sistema rob\u00f3tico para cirurgias minimamente invasivas, dois tom\u00f3grafos, duas resson\u00e2ncias magn\u00e9ticas e v\u00e1rios equipamentos para realiza\u00e7\u00e3o de exames de alta complexidade, como endoscopia, colonoscopia, broncoscopia, eletroneuromiografia (ENMG), eletroencefalografia, entre outros.<\/p>\n\n\n\n<p>Al\u00e9m disso, a UTI est\u00e1 equipada com dispositivos para atender pacientes em condi\u00e7\u00f5es cr\u00edticas, que exigem a Oxigena\u00e7\u00e3o por Membrana Extracorp\u00f3rea (ECMO).<\/p>\n\n\n\n<p>Na primeira semana, o hospital iniciou as atividades com atendimentos de especialistas em Urologia, Ortopedia Pedi\u00e1trica e Cirurgia Pedi\u00e1trica em regime ambulatorial. O foco inicial \u00e9 a avalia\u00e7\u00e3o cl\u00ednica e a realiza\u00e7\u00e3o de exames, utilizando a infraestrutura diagn\u00f3stica da unidade para o preparo dos procedimentos cir\u00fargicos.<\/p>\n\n\n\n<p>Luiza Goulart | SES-MT<\/p>\n","protected":false},"excerpt":{"rendered":"<p>Nova unidade de sa\u00fade do Governo de MT realizou os primeiros atendimentos na tarde desta segunda-feira (19) O Hospital Central do Estado de Mato Grosso fez, na tarde desta segunda-feira (19.1), os atendimentos dos primeiros pacientes para consultas das especialidades de urologia, cirurgia pedi\u00e1trica e ortopedia pedi\u00e1trica. Eles foram encaminhados via Sistema Estadual de Regula\u00e7\u00e3o [&hellip;]<\/p>\n","protected":false},"author":3,"featured_media":3345,"comment_status":"open","ping_status":"open","sticky":false,"template":"","format":"standard","meta":{"footnotes":""},"categories":[2],"tags":[1025,956,718],"class_list":["post-3342","post","type-post","status-publish","format-standard","has-post-thumbnail","hentry","category-saude","tag-hospital-central","tag-importante","tag-matogrosso"],"_links":{"self":[{"href":"https:\/\/diarionews.com.br\/index.php?rest_route=\/wp\/v2\/posts\/3342","targetHints":{"allow":["GET"]}}],"collection":[{"href":"https:\/\/diarionews.com.br\/index.php?rest_route=\/wp\/v2\/posts"}],"about":[{"href":"https:\/\/diarionews.com.br\/index.php?rest_route=\/wp\/v2\/types\/post"}],"author":[{"embeddable":true,"href":"https:\/\/diarionews.com.br\/index.php?rest_route=\/wp\/v2\/users\/3"}],"replies":[{"embeddable":true,"href":"https:\/\/diarionews.com.br\/index.php?rest_route=%2Fwp%2Fv2%2Fcomments&post=3342"}],"version-history":[{"count":1,"href":"https:\/\/diarionews.com.br\/index.php?rest_route=\/wp\/v2\/posts\/3342\/revisions"}],"predecessor-version":[{"id":3346,"href":"https:\/\/diarionews.com.br\/index.php?rest_route=\/wp\/v2\/posts\/3342\/revisions\/3346"}],"wp:featuredmedia":[{"embeddable":true,"href":"https:\/\/diarionews.com.br\/index.php?rest_route=\/wp\/v2\/media\/3345"}],"wp:attachment":[{"href":"https:\/\/diarionews.com.br\/index.php?rest_route=%2Fwp%2Fv2%2Fmedia&parent=3342"}],"wp:term":[{"taxonomy":"category","embeddable":true,"href":"https:\/\/diarionews.com.br\/index.php?rest_route=%2Fwp%2Fv2%2Fcategories&post=3342"},{"taxonomy":"post_tag","embeddable":true,"href":"https:\/\/diarionews.com.br\/index.php?rest_route=%2Fwp%2Fv2%2Ftags&post=3342"}],"curies":[{"name":"wp","href":"https:\/\/api.w.org\/{rel}","templated":true}]}}