{"id":3337,"date":"2026-01-20T09:00:43","date_gmt":"2026-01-20T13:00:43","guid":{"rendered":"https:\/\/diarionews.com.br\/?p=3337"},"modified":"2026-01-20T09:00:47","modified_gmt":"2026-01-20T13:00:47","slug":"caminhada-janeiro-roxo-mobiliza-comunidade-em-alta-floresta-e-reforca-conscientizacao-sobre-hanseniase","status":"publish","type":"post","link":"https:\/\/diarionews.com.br\/?p=3337","title":{"rendered":"Caminhada Janeiro Roxo mobiliza comunidade em Alta Floresta e refor\u00e7a conscientiza\u00e7\u00e3o sobre hansen\u00edase"},"content":{"rendered":"\n<p>A Prefeitura de Alta Floresta, por meio da Secretaria de Sa\u00fade, realizou no domingo, 18 de janeiro, a 1\u00aa Caminhada Janeiro Roxo, a\u00e7\u00e3o voltada \u00e0 conscientiza\u00e7\u00e3o, preven\u00e7\u00e3o e enfrentamento ao preconceito relacionado \u00e0 hansen\u00edase. A mobiliza\u00e7\u00e3o teve in\u00edcio \u00e0s 7h, com concentra\u00e7\u00e3o na Pra\u00e7a da Cultura (Avi\u00e3o), e reuniu aproximadamente 140 pessoas.<\/p>\n\n\n<div class=\"wp-block-image\">\n<figure class=\"aligncenter size-full is-resized\"><img loading=\"lazy\" decoding=\"async\" width=\"950\" height=\"534\" src=\"https:\/\/diarionews.com.br\/wp-content\/uploads\/2026\/01\/11451.jpg\" alt=\"\" class=\"wp-image-3338\" style=\"width:818px;height:auto\" srcset=\"https:\/\/diarionews.com.br\/wp-content\/uploads\/2026\/01\/11451.jpg 950w, https:\/\/diarionews.com.br\/wp-content\/uploads\/2026\/01\/11451-300x169.jpg 300w, https:\/\/diarionews.com.br\/wp-content\/uploads\/2026\/01\/11451-768x432.jpg 768w, https:\/\/diarionews.com.br\/wp-content\/uploads\/2026\/01\/11451-747x420.jpg 747w, https:\/\/diarionews.com.br\/wp-content\/uploads\/2026\/01\/11451-150x84.jpg 150w, https:\/\/diarionews.com.br\/wp-content\/uploads\/2026\/01\/11451-696x391.jpg 696w\" sizes=\"auto, (max-width: 950px) 100vw, 950px\" \/><\/figure><\/div>\n\n\n<p>Durante a caminhada, a comunidade participou de um ato coletivo de informa\u00e7\u00e3o e cuidado com a sa\u00fade, percorrendo ruas da cidade e fortalecendo a mensagem de que a hansen\u00edase tem tratamento, cura e que o diagn\u00f3stico precoce \u00e9 essencial para evitar complica\u00e7\u00f5es e interromper a cadeia de transmiss\u00e3o.<\/p>\n\n\n\n<p>Al\u00e9m da mobiliza\u00e7\u00e3o social, a a\u00e7\u00e3o contou com atendimentos gratuitos na \u00e1rea da enfermagem, com aferi\u00e7\u00e3o de press\u00e3o arterial, testes de glicemia, orienta\u00e7\u00f5es de sa\u00fade, avalia\u00e7\u00e3o odontol\u00f3gica e triagem para hansen\u00edase, ampliando o acesso da popula\u00e7\u00e3o aos servi\u00e7os b\u00e1sicos de sa\u00fade e refor\u00e7ando a import\u00e2ncia do cuidado preventivo.<\/p>\n\n\n<div class=\"wp-block-image\">\n<figure class=\"aligncenter size-full is-resized\"><img loading=\"lazy\" decoding=\"async\" width=\"950\" height=\"858\" src=\"https:\/\/diarionews.com.br\/wp-content\/uploads\/2026\/01\/11452.jpg\" alt=\"\" class=\"wp-image-3339\" style=\"width:780px;height:auto\" srcset=\"https:\/\/diarionews.com.br\/wp-content\/uploads\/2026\/01\/11452.jpg 950w, https:\/\/diarionews.com.br\/wp-content\/uploads\/2026\/01\/11452-300x271.jpg 300w, https:\/\/diarionews.com.br\/wp-content\/uploads\/2026\/01\/11452-768x694.jpg 768w, https:\/\/diarionews.com.br\/wp-content\/uploads\/2026\/01\/11452-465x420.jpg 465w, https:\/\/diarionews.com.br\/wp-content\/uploads\/2026\/01\/11452-150x135.jpg 150w, https:\/\/diarionews.com.br\/wp-content\/uploads\/2026\/01\/11452-696x629.jpg 696w\" sizes=\"auto, (max-width: 950px) 100vw, 950px\" \/><\/figure><\/div>\n\n\n<p>A caminhada integra as atividades do Janeiro Roxo, campanha nacional dedicada \u00e0 conscientiza\u00e7\u00e3o sobre a hansen\u00edase, que busca combater o estigma e o preconceito ainda associados \u00e0 doen\u00e7a por meio da informa\u00e7\u00e3o, do acolhimento e do fortalecimento da rede p\u00fablica de sa\u00fade.<\/p>\n\n\n\n<p>A Prefeitura de Alta Floresta refor\u00e7a que a rede municipal est\u00e1 preparada para orientar, diagnosticar e acompanhar os casos, garantindo atendimento humanizado e tratamento adequado. A gest\u00e3o municipal agradece a participa\u00e7\u00e3o da comunidade e reafirma o compromisso com a\u00e7\u00f5es que promovem sa\u00fade, inclus\u00e3o e qualidade de vida para todos.<\/p>\n\n\n\n<pre class=\"wp-block-verse\"><strong><a href=\"https:\/\/mtesporte.com.br\/author\/aranha\/\" target=\"_blank\" rel=\"noopener\">Nilson Aranha<\/a><br>MT Esporte<\/strong><\/pre>\n","protected":false},"excerpt":{"rendered":"<p>A Prefeitura de Alta Floresta, por meio da Secretaria de Sa\u00fade, realizou no domingo, 18 de janeiro, a 1\u00aa Caminhada Janeiro Roxo, a\u00e7\u00e3o voltada \u00e0 conscientiza\u00e7\u00e3o, preven\u00e7\u00e3o e enfrentamento ao preconceito relacionado \u00e0 hansen\u00edase. A mobiliza\u00e7\u00e3o teve in\u00edcio \u00e0s 7h, com concentra\u00e7\u00e3o na Pra\u00e7a da Cultura (Avi\u00e3o), e reuniu aproximadamente 140 pessoas. Durante a caminhada, [&hellip;]<\/p>\n","protected":false},"author":3,"featured_media":3340,"comment_status":"open","ping_status":"open","sticky":false,"template":"","format":"standard","meta":{"footnotes":""},"categories":[13],"tags":[89,956],"class_list":["post-3337","post","type-post","status-publish","format-standard","has-post-thumbnail","hentry","category-esportes","tag-altafloresta","tag-importante"],"_links":{"self":[{"href":"https:\/\/diarionews.com.br\/index.php?rest_route=\/wp\/v2\/posts\/3337","targetHints":{"allow":["GET"]}}],"collection":[{"href":"https:\/\/diarionews.com.br\/index.php?rest_route=\/wp\/v2\/posts"}],"about":[{"href":"https:\/\/diarionews.com.br\/index.php?rest_route=\/wp\/v2\/types\/post"}],"author":[{"embeddable":true,"href":"https:\/\/diarionews.com.br\/index.php?rest_route=\/wp\/v2\/users\/3"}],"replies":[{"embeddable":true,"href":"https:\/\/diarionews.com.br\/index.php?rest_route=%2Fwp%2Fv2%2Fcomments&post=3337"}],"version-history":[{"count":1,"href":"https:\/\/diarionews.com.br\/index.php?rest_route=\/wp\/v2\/posts\/3337\/revisions"}],"predecessor-version":[{"id":3341,"href":"https:\/\/diarionews.com.br\/index.php?rest_route=\/wp\/v2\/posts\/3337\/revisions\/3341"}],"wp:featuredmedia":[{"embeddable":true,"href":"https:\/\/diarionews.com.br\/index.php?rest_route=\/wp\/v2\/media\/3340"}],"wp:attachment":[{"href":"https:\/\/diarionews.com.br\/index.php?rest_route=%2Fwp%2Fv2%2Fmedia&parent=3337"}],"wp:term":[{"taxonomy":"category","embeddable":true,"href":"https:\/\/diarionews.com.br\/index.php?rest_route=%2Fwp%2Fv2%2Fcategories&post=3337"},{"taxonomy":"post_tag","embeddable":true,"href":"https:\/\/diarionews.com.br\/index.php?rest_route=%2Fwp%2Fv2%2Ftags&post=3337"}],"curies":[{"name":"wp","href":"https:\/\/api.w.org\/{rel}","templated":true}]}}