{"id":3334,"date":"2026-01-20T08:56:09","date_gmt":"2026-01-20T12:56:09","guid":{"rendered":"https:\/\/diarionews.com.br\/?p=3334"},"modified":"2026-02-15T10:55:46","modified_gmt":"2026-02-15T14:55:46","slug":"homem-e-preso-em-paranaita-apos-furtar-motocicleta-e-equipamentos-em-alta-floresta","status":"publish","type":"post","link":"https:\/\/diarionews.com.br\/?p=3334","title":{"rendered":"Homem \u00e9 preso em Parana\u00edta ap\u00f3s furtar motocicleta e equipamentos em Alta Floresta"},"content":{"rendered":"\n<p>A Pol\u00edcia Militar do 3\u00ba Pelot\u00e3o de Parana\u00edta prendeu, na noite de s\u00e1bado, um homem de 32 anos suspeito de uma s\u00e9rie de crimes iniciados em Alta Floresta. A pris\u00e3o ocorreu em uma propriedade rural localizada a cerca de 85 quil\u00f4metros de Parana\u00edta, ap\u00f3s uma den\u00fancia an\u00f4nima informar que o indiv\u00edduo estava circulando na Gleba Mandacaru com uma motocicleta Honda Bros vermelha, furtada no dia anterior.<\/p>\n\n\n\n<p>Ao ser abordado no alojamento da fazenda, o suspeito confessou o furto do ve\u00edculo e de diversos equipamentos. Ele detalhou que abandonou uma carretinha contendo uma ro\u00e7adeira, uma furadeira e uma serra nas proximidades do lix\u00e3o de Parana\u00edta. O homem relatou ainda que viajou at\u00e9 o munic\u00edpio de Apiac\u00e1s, onde vendeu tr\u00eas botij\u00f5es de g\u00e1s e uma motosserra para pessoas desconhecidas.<\/p>\n\n\n\n<p>Durante a identifica\u00e7\u00e3o, o suspeito revelou que deveria estar sob monitoramento, mas que removeu sua tornozeleira eletr\u00f4nica e a deixou sobre a geladeira em sua resid\u00eancia, em Alta Floresta. Uma testemunha no local informou que o homem havia chegado \u00e0 fazenda na noite anterior em busca de trabalho tempor\u00e1rio. O suspeito foi conduzido \u00e0 Delegacia de Pol\u00edcia Civil junto com o boletim de ocorr\u00eancia pelos crimes de furto, dano, desobedi\u00eancia a decis\u00e3o judicial e localiza\u00e7\u00e3o de ve\u00edculo.<\/p>\n\n\n\n<pre class=\"wp-block-verse\"><strong>Reda\u00e7\u00e3o<br>Di\u00e1rio News<\/strong><\/pre>\n","protected":false},"excerpt":{"rendered":"<p>A Pol\u00edcia Militar do 3\u00ba Pelot\u00e3o de Parana\u00edta prendeu, na noite de s\u00e1bado, um homem de 32 anos suspeito de uma s\u00e9rie de crimes iniciados em Alta Floresta. A pris\u00e3o ocorreu em uma propriedade rural localizada a cerca de 85 quil\u00f4metros de Parana\u00edta, ap\u00f3s uma den\u00fancia an\u00f4nima informar que o indiv\u00edduo estava circulando na Gleba [&hellip;]<\/p>\n","protected":false},"author":3,"featured_media":3335,"comment_status":"open","ping_status":"open","sticky":false,"template":"","format":"standard","meta":{"footnotes":""},"categories":[14],"tags":[93,743],"class_list":["post-3334","post","type-post","status-publish","format-standard","has-post-thumbnail","hentry","category-policia","tag-policiamilitar","tag-paranaita"],"_links":{"self":[{"href":"https:\/\/diarionews.com.br\/index.php?rest_route=\/wp\/v2\/posts\/3334","targetHints":{"allow":["GET"]}}],"collection":[{"href":"https:\/\/diarionews.com.br\/index.php?rest_route=\/wp\/v2\/posts"}],"about":[{"href":"https:\/\/diarionews.com.br\/index.php?rest_route=\/wp\/v2\/types\/post"}],"author":[{"embeddable":true,"href":"https:\/\/diarionews.com.br\/index.php?rest_route=\/wp\/v2\/users\/3"}],"replies":[{"embeddable":true,"href":"https:\/\/diarionews.com.br\/index.php?rest_route=%2Fwp%2Fv2%2Fcomments&post=3334"}],"version-history":[{"count":1,"href":"https:\/\/diarionews.com.br\/index.php?rest_route=\/wp\/v2\/posts\/3334\/revisions"}],"predecessor-version":[{"id":3336,"href":"https:\/\/diarionews.com.br\/index.php?rest_route=\/wp\/v2\/posts\/3334\/revisions\/3336"}],"wp:featuredmedia":[{"embeddable":true,"href":"https:\/\/diarionews.com.br\/index.php?rest_route=\/wp\/v2\/media\/3335"}],"wp:attachment":[{"href":"https:\/\/diarionews.com.br\/index.php?rest_route=%2Fwp%2Fv2%2Fmedia&parent=3334"}],"wp:term":[{"taxonomy":"category","embeddable":true,"href":"https:\/\/diarionews.com.br\/index.php?rest_route=%2Fwp%2Fv2%2Fcategories&post=3334"},{"taxonomy":"post_tag","embeddable":true,"href":"https:\/\/diarionews.com.br\/index.php?rest_route=%2Fwp%2Fv2%2Ftags&post=3334"}],"curies":[{"name":"wp","href":"https:\/\/api.w.org\/{rel}","templated":true}]}}