{"id":3203,"date":"2026-01-17T07:14:00","date_gmt":"2026-01-17T11:14:00","guid":{"rendered":"https:\/\/diarionews.com.br\/?p=3203"},"modified":"2026-02-15T10:55:54","modified_gmt":"2026-02-15T14:55:54","slug":"alta-floresta-fortalece-sua-ligacao-aerea-e-avanca-para-ampliar-voos-no-estado","status":"publish","type":"post","link":"https:\/\/diarionews.com.br\/?p=3203","title":{"rendered":"Alta Floresta fortalece sua liga\u00e7\u00e3o a\u00e9rea e avan\u00e7a para ampliar voos no Estado"},"content":{"rendered":"\n<h3 class=\"wp-block-heading\">&nbsp;<\/h3>\n\n\n\n<p class=\"has-text-align-left\">Alta Floresta segue avan\u00e7ando quando o assunto \u00e9 conectividade e desenvolvimento. Com as mudan\u00e7as feitas pelo Governo de Mato Grosso no programa Voe MT, o munic\u00edpio passa a ter novas oportunidades para ampliar voos e frequ\u00eancias, resultado de um trabalho cont\u00ednuo da gest\u00e3o municipal em defesa da mobilidade, da economia e do acesso da popula\u00e7\u00e3o ao transporte a\u00e9reo.<br>O Voe MT foi atualizado em janeiro de 2026 e passou a incentivar, de forma mais clara, as companhias a\u00e9reas que realmente ampliam rotas e oferecem mais op\u00e7\u00f5es de voos. Na pr\u00e1tica, isso significa mais chances para cidades do interior, como Alta Floresta, que j\u00e1 demonstram demanda e import\u00e2ncia regional.<br>Hoje, o munic\u00edpio conta com voos regulares da Azul Linhas A\u00e9reas para Campinas (SP), com tr\u00eas frequ\u00eancias semanais, operando desde mar\u00e7o de 2025. A liga\u00e7\u00e3o com o aeroporto de Viracopos facilita o acesso a diversos destinos do pa\u00eds, beneficiando moradores, empres\u00e1rios, estudantes, pacientes em tratamento fora do domic\u00edlio e turistas.<br>A movimenta\u00e7\u00e3o registrada no fim de 2025 refor\u00e7a esse potencial. Durante o per\u00edodo de Natal e Ano Novo, cerca de 1,4 mil passageiros passaram pelo aeroporto de Alta Floresta em apenas 12 voos, mostrando que a cidade utiliza e precisa do transporte a\u00e9reo.<br>Segundo o secret\u00e1rio de Estado de Desenvolvimento Econ\u00f4mico, C\u00e9sar Miranda, o novo modelo do Voe MT corrige limita\u00e7\u00f5es antigas e permite que cidades do interior cres\u00e7am de forma gradual, conforme a demanda real. Alta Floresta \u00e9 apontada como um exemplo de munic\u00edpio que re\u00fane condi\u00e7\u00f5es para avan\u00e7ar nesse processo.<br>A Prefeitura de Alta Floresta tem atuado de forma firme para garantir a perman\u00eancia e a amplia\u00e7\u00e3o dos voos. O prefeito Chico Gamba participou de diversas reuni\u00f5es com o Governo do Estado, defendendo a import\u00e2ncia da cidade e apresentando dados sobre crescimento econ\u00f4mico, gera\u00e7\u00e3o de empregos e o papel regional do munic\u00edpio.<br>Esse trabalho conjunto entre Munic\u00edpio e Estado cria um cen\u00e1rio mais seguro para novas frequ\u00eancias e futuras liga\u00e7\u00f5es a\u00e9reas, beneficiando diretamente a popula\u00e7\u00e3o. Mais voos significam mais oportunidades, mais desenvolvimento, mais turismo e mais facilidade para quem precisa se deslocar.<br>Com di\u00e1logo, planejamento e compromisso com as pessoas, Alta Floresta avan\u00e7a para transformar conectividade em qualidade de vida e desenvolvimento para toda a regi\u00e3o.<\/p>\n\n\n\n<h3 class=\"wp-block-heading\">Dire\u00e7\u00e3o de Comunica\u00e7\u00e3o<\/h3>\n\n\n\n<h3 class=\"wp-block-heading\">Prefeitura de Alta Floresta<\/h3>\n","protected":false},"excerpt":{"rendered":"<p>&nbsp; Alta Floresta segue avan\u00e7ando quando o assunto \u00e9 conectividade e desenvolvimento. Com as mudan\u00e7as feitas pelo Governo de Mato Grosso no programa Voe MT, o munic\u00edpio passa a ter novas oportunidades para ampliar voos e frequ\u00eancias, resultado de um trabalho cont\u00ednuo da gest\u00e3o municipal em defesa da mobilidade, da economia e do acesso da [&hellip;]<\/p>\n","protected":false},"author":3,"featured_media":3204,"comment_status":"open","ping_status":"open","sticky":false,"template":"","format":"standard","meta":{"footnotes":""},"categories":[20],"tags":[89,990],"class_list":["post-3203","post","type-post","status-publish","format-standard","has-post-thumbnail","hentry","category-economia","tag-altafloresta","tag-voos"],"_links":{"self":[{"href":"https:\/\/diarionews.com.br\/index.php?rest_route=\/wp\/v2\/posts\/3203","targetHints":{"allow":["GET"]}}],"collection":[{"href":"https:\/\/diarionews.com.br\/index.php?rest_route=\/wp\/v2\/posts"}],"about":[{"href":"https:\/\/diarionews.com.br\/index.php?rest_route=\/wp\/v2\/types\/post"}],"author":[{"embeddable":true,"href":"https:\/\/diarionews.com.br\/index.php?rest_route=\/wp\/v2\/users\/3"}],"replies":[{"embeddable":true,"href":"https:\/\/diarionews.com.br\/index.php?rest_route=%2Fwp%2Fv2%2Fcomments&post=3203"}],"version-history":[{"count":1,"href":"https:\/\/diarionews.com.br\/index.php?rest_route=\/wp\/v2\/posts\/3203\/revisions"}],"predecessor-version":[{"id":3205,"href":"https:\/\/diarionews.com.br\/index.php?rest_route=\/wp\/v2\/posts\/3203\/revisions\/3205"}],"wp:featuredmedia":[{"embeddable":true,"href":"https:\/\/diarionews.com.br\/index.php?rest_route=\/wp\/v2\/media\/3204"}],"wp:attachment":[{"href":"https:\/\/diarionews.com.br\/index.php?rest_route=%2Fwp%2Fv2%2Fmedia&parent=3203"}],"wp:term":[{"taxonomy":"category","embeddable":true,"href":"https:\/\/diarionews.com.br\/index.php?rest_route=%2Fwp%2Fv2%2Fcategories&post=3203"},{"taxonomy":"post_tag","embeddable":true,"href":"https:\/\/diarionews.com.br\/index.php?rest_route=%2Fwp%2Fv2%2Ftags&post=3203"}],"curies":[{"name":"wp","href":"https:\/\/api.w.org\/{rel}","templated":true}]}}