{"id":3030,"date":"2026-01-14T05:23:00","date_gmt":"2026-01-14T09:23:00","guid":{"rendered":"https:\/\/diarionews.com.br\/?p=3030"},"modified":"2026-01-13T15:29:52","modified_gmt":"2026-01-13T19:29:52","slug":"forcas-de-seguranca-apreendem-mais-de-540-quilos-de-cocaina-e-prende-dois-na-fronteira","status":"publish","type":"post","link":"https:\/\/diarionews.com.br\/?p=3030","title":{"rendered":"For\u00e7as de seguran\u00e7a apreendem mais de 540 quilos de coca\u00edna e prende dois na fronteira"},"content":{"rendered":"\n<h3 class=\"wp-block-heading has-text-align-center\"><em><strong>Um ve\u00edculo Fiat Toro que estava sendo utilizado para o transporte da droga foi apreendido<\/strong><\/em><\/h3>\n\n\n<div class=\"wp-block-image\">\n<figure class=\"aligncenter size-full is-resized\"><img loading=\"lazy\" decoding=\"async\" width=\"1024\" height=\"576\" src=\"https:\/\/diarionews.com.br\/wp-content\/uploads\/2026\/01\/TOLERANCIA-ZERO.jpg\" alt=\"\" class=\"wp-image-2921\" style=\"width:814px;height:auto\" srcset=\"https:\/\/diarionews.com.br\/wp-content\/uploads\/2026\/01\/TOLERANCIA-ZERO.jpg 1024w, https:\/\/diarionews.com.br\/wp-content\/uploads\/2026\/01\/TOLERANCIA-ZERO-300x169.jpg 300w, https:\/\/diarionews.com.br\/wp-content\/uploads\/2026\/01\/TOLERANCIA-ZERO-768x432.jpg 768w, https:\/\/diarionews.com.br\/wp-content\/uploads\/2026\/01\/TOLERANCIA-ZERO-747x420.jpg 747w, https:\/\/diarionews.com.br\/wp-content\/uploads\/2026\/01\/TOLERANCIA-ZERO-150x84.jpg 150w, https:\/\/diarionews.com.br\/wp-content\/uploads\/2026\/01\/TOLERANCIA-ZERO-696x392.jpg 696w\" sizes=\"auto, (max-width: 1024px) 100vw, 1024px\" \/><\/figure><\/div>\n\n\n<p>A\u00e7\u00e3o integrada da Pol\u00edcia Militar e Grupo Especial de Fronteira (Gefron) apreendeu, nesta sexta-feira (9.1), 544 quilos de cloridrato de coca\u00edna na zona rural do munic\u00edpio de Comodoro (644 km de Cuiab\u00e1).<\/p>\n\n\n\n<p>Dois suspeitos foram presos em um ve\u00edculo Fiat Toro que estava sendo utilizado para o transporte do entorpecente, durante o patrulhamento. Ao todo, foram localizados 16 fardos escondidos na carroceria do ve\u00edculo.<\/p>\n\n\n\n<p>A apreens\u00e3o ocorreu, ap\u00f3s troca de informa\u00e7\u00f5es de que uma aeronave teria arremessado fardos de entorpecente em uma propriedade nas proximidades da Gleba Zambam, regi\u00e3o de fronteira com a Bol\u00edvia.<\/p>\n\n\n\n<p>Os suspeitos, o entorpecente e o ve\u00edculo foram encaminhados \u00e0 Pol\u00edcia Federal de C\u00e1ceres e ficaram \u00e0 disposi\u00e7\u00e3o da Justi\u00e7a.<\/p>\n\n\n\n<p>A apreens\u00e3o faz parte das a\u00e7\u00f5es do Programa Toler\u00e2ncia Zero Contra as Fac\u00e7\u00f5es Criminosas com apoio do Ex\u00e9rcito Brasileiro, Pol\u00edcia Federal, Delegacia de Fronteira e Pol\u00edcia Penal.<\/p>\n\n\n\n<p>Willian Silva&nbsp;|&nbsp;Sesp-MT<\/p>\n","protected":false},"excerpt":{"rendered":"<p>Um ve\u00edculo Fiat Toro que estava sendo utilizado para o transporte da droga foi apreendido A\u00e7\u00e3o integrada da Pol\u00edcia Militar e Grupo Especial de Fronteira (Gefron) apreendeu, nesta sexta-feira (9.1), 544 quilos de cloridrato de coca\u00edna na zona rural do munic\u00edpio de Comodoro (644 km de Cuiab\u00e1). Dois suspeitos foram presos em um ve\u00edculo Fiat [&hellip;]<\/p>\n","protected":false},"author":3,"featured_media":2920,"comment_status":"open","ping_status":"open","sticky":false,"template":"","format":"standard","meta":{"footnotes":""},"categories":[21],"tags":[],"class_list":["post-3030","post","type-post","status-publish","format-standard","has-post-thumbnail","hentry","category-regiao"],"_links":{"self":[{"href":"https:\/\/diarionews.com.br\/index.php?rest_route=\/wp\/v2\/posts\/3030","targetHints":{"allow":["GET"]}}],"collection":[{"href":"https:\/\/diarionews.com.br\/index.php?rest_route=\/wp\/v2\/posts"}],"about":[{"href":"https:\/\/diarionews.com.br\/index.php?rest_route=\/wp\/v2\/types\/post"}],"author":[{"embeddable":true,"href":"https:\/\/diarionews.com.br\/index.php?rest_route=\/wp\/v2\/users\/3"}],"replies":[{"embeddable":true,"href":"https:\/\/diarionews.com.br\/index.php?rest_route=%2Fwp%2Fv2%2Fcomments&post=3030"}],"version-history":[{"count":1,"href":"https:\/\/diarionews.com.br\/index.php?rest_route=\/wp\/v2\/posts\/3030\/revisions"}],"predecessor-version":[{"id":3031,"href":"https:\/\/diarionews.com.br\/index.php?rest_route=\/wp\/v2\/posts\/3030\/revisions\/3031"}],"wp:featuredmedia":[{"embeddable":true,"href":"https:\/\/diarionews.com.br\/index.php?rest_route=\/wp\/v2\/media\/2920"}],"wp:attachment":[{"href":"https:\/\/diarionews.com.br\/index.php?rest_route=%2Fwp%2Fv2%2Fmedia&parent=3030"}],"wp:term":[{"taxonomy":"category","embeddable":true,"href":"https:\/\/diarionews.com.br\/index.php?rest_route=%2Fwp%2Fv2%2Fcategories&post=3030"},{"taxonomy":"post_tag","embeddable":true,"href":"https:\/\/diarionews.com.br\/index.php?rest_route=%2Fwp%2Fv2%2Ftags&post=3030"}],"curies":[{"name":"wp","href":"https:\/\/api.w.org\/{rel}","templated":true}]}}