{"id":3026,"date":"2026-01-14T05:20:00","date_gmt":"2026-01-14T09:20:00","guid":{"rendered":"https:\/\/diarionews.com.br\/?p=3026"},"modified":"2026-01-13T15:27:54","modified_gmt":"2026-01-13T19:27:54","slug":"mais-de-19-mil-reeducandos-participaram-de-atividades-educacionais-nas-unidades-prisionais-de-mt","status":"publish","type":"post","link":"https:\/\/diarionews.com.br\/?p=3026","title":{"rendered":"Mais de 19 mil reeducandos participaram de atividades educacionais nas unidades prisionais de MT"},"content":{"rendered":"\n<h3 class=\"wp-block-heading has-text-align-center\"><em><strong>A\u00e7\u00f5es foram ofertadas em 41 unidades prisionais do Estado, como educa\u00e7\u00e3o b\u00e1sica, exames nacionais, entre outros<\/strong><\/em><\/h3>\n\n\n\n<p>A Secretaria de Estado de Justi\u00e7a (Sejus) realizou, ao longo de 2025, a\u00e7\u00f5es pedag\u00f3gicas formais e complementares dentro das unidades prisionais e pela Funda\u00e7\u00e3o Nova Chance. No balan\u00e7o do ano, foram 19.142 mil reeducandos participantes nas atividades que variam entre educa\u00e7\u00e3o b\u00e1sica formal, exames nacionais, atividades complementares e cursos de capacita\u00e7\u00e3o.&nbsp;<\/p>\n\n\n<div class=\"wp-block-image\">\n<figure class=\"aligncenter size-full is-resized\"><img loading=\"lazy\" decoding=\"async\" width=\"932\" height=\"1024\" src=\"https:\/\/diarionews.com.br\/wp-content\/uploads\/2026\/01\/RESSOCIALIZA.jpg\" alt=\"\" class=\"wp-image-2915\" style=\"width:704px;height:auto\" srcset=\"https:\/\/diarionews.com.br\/wp-content\/uploads\/2026\/01\/RESSOCIALIZA.jpg 932w, https:\/\/diarionews.com.br\/wp-content\/uploads\/2026\/01\/RESSOCIALIZA-273x300.jpg 273w, https:\/\/diarionews.com.br\/wp-content\/uploads\/2026\/01\/RESSOCIALIZA-768x844.jpg 768w, https:\/\/diarionews.com.br\/wp-content\/uploads\/2026\/01\/RESSOCIALIZA-382x420.jpg 382w, https:\/\/diarionews.com.br\/wp-content\/uploads\/2026\/01\/RESSOCIALIZA-150x165.jpg 150w, https:\/\/diarionews.com.br\/wp-content\/uploads\/2026\/01\/RESSOCIALIZA-300x330.jpg 300w, https:\/\/diarionews.com.br\/wp-content\/uploads\/2026\/01\/RESSOCIALIZA-696x765.jpg 696w\" sizes=\"auto, (max-width: 932px) 100vw, 932px\" \/><\/figure><\/div>\n\n\n<p><strong>Educa\u00e7\u00e3o fundamental e superior&nbsp;<\/strong><\/p>\n\n\n\n<p>Em todo o ano passado, 3.559 reeducandos participaram das atividades de educa\u00e7\u00e3o b\u00e1sica formal, incluindo o ensino fundamental, alfabetiza\u00e7\u00e3o, ensino m\u00e9dio e ensino superior. Foram 497 custodiados inseridos no programa de alfabetiza\u00e7\u00e3o; 1.333 reeducandos no 1\u00ba segmento do ensino fundamental e outros 558 no 2\u00ba segmento; 1.089 alunos cursaram o ensino m\u00e9dio e 82 reeducandos est\u00e3o cursando ensino superior.<\/p>\n\n\n\n<p>\u201cA educa\u00e7\u00e3o tem o poder de apontar novos caminhos, abrir oportunidades e resgatar a dignidade. \u00c9 gratificante ver cada aluno percebendo que pode construir uma nova hist\u00f3ria\u201d, afirma a coordenadora pedag\u00f3gica da Penitenci\u00e1ria de Rondon\u00f3polis, Creuza Rosa Ribeiro.<\/p>\n\n\n\n<p><strong>Exames Nacionais &nbsp;<\/strong><\/p>\n\n\n<div class=\"wp-block-image\">\n<figure class=\"aligncenter size-full is-resized\"><img loading=\"lazy\" decoding=\"async\" width=\"1024\" height=\"768\" src=\"https:\/\/diarionews.com.br\/wp-content\/uploads\/2026\/01\/RESSOCIALIZACAO.jpg\" alt=\"\" class=\"wp-image-2918\" style=\"width:788px;height:auto\" srcset=\"https:\/\/diarionews.com.br\/wp-content\/uploads\/2026\/01\/RESSOCIALIZACAO.jpg 1024w, https:\/\/diarionews.com.br\/wp-content\/uploads\/2026\/01\/RESSOCIALIZACAO-300x225.jpg 300w, https:\/\/diarionews.com.br\/wp-content\/uploads\/2026\/01\/RESSOCIALIZACAO-768x576.jpg 768w, https:\/\/diarionews.com.br\/wp-content\/uploads\/2026\/01\/RESSOCIALIZACAO-560x420.jpg 560w, https:\/\/diarionews.com.br\/wp-content\/uploads\/2026\/01\/RESSOCIALIZACAO-80x60.jpg 80w, https:\/\/diarionews.com.br\/wp-content\/uploads\/2026\/01\/RESSOCIALIZACAO-150x113.jpg 150w, https:\/\/diarionews.com.br\/wp-content\/uploads\/2026\/01\/RESSOCIALIZACAO-696x522.jpg 696w, https:\/\/diarionews.com.br\/wp-content\/uploads\/2026\/01\/RESSOCIALIZACAO-265x198.jpg 265w\" sizes=\"auto, (max-width: 1024px) 100vw, 1024px\" \/><\/figure><\/div>\n\n\n<p>Em 2025, em todo o Estado, 5.058 reeducandos foram inscritos para o Exame Nacional para Certifica\u00e7\u00e3o de Compet\u00eancias de Jovens e Adultos Privados de Liberdade (Encceja). O exame \u00e9 aplicado pelo Instituto Nacional de Pesquisas Educacionais An\u00edsio Teixeira a jovens e adultos em priva\u00e7\u00e3o de liberdade e aos adolescentes em cumprimento de medidas socioeducativas, em todo o territ\u00f3rio nacional e certifica o ensino fundamental e m\u00e9dio dentro das unidades prisionais.&nbsp;<\/p>\n\n\n\n<p>A Sejus registrou, em 2025, 4.160 reeducandos inscritos para o Enem PPL. O exame \u00e9 a principal porta de entrada de jovens e adultos para a realiza\u00e7\u00e3o de cursos superiores no Brasil. O percentual de inscritos para o exame registrou aumento de 42,8% em rela\u00e7\u00e3o ao ano de 2024, quando o n\u00famero de participantes foi de 2.912.<\/p>\n\n\n\n<p>O crescimento expressivo no Enem foi resultado do trabalho conjunto entre as equipes pedag\u00f3gicas das unidades penais e o N\u00facleo de Educa\u00e7\u00e3o do Sistema Penitenci\u00e1rio, Coordenadoria de Educa\u00e7\u00e3o, Trabalho e Alternativas Penais e Superintend\u00eancia de Pol\u00edticas Penitenci\u00e1rias da Sejus.<\/p>\n\n\n\n<p>\u201cA educa\u00e7\u00e3o \u00e9 um direito fundamental e uma ferramenta de transforma\u00e7\u00e3o social. O aumento das inscri\u00e7\u00f5es no Enem demonstra o empenho das equipes e a efetividade das a\u00e7\u00f5es integradas entre a Sejus, a Seduc e o sistema de justi\u00e7a para promover oportunidades reais de reintegra\u00e7\u00e3o \u00e0s pessoas privadas de liberdade\u201d, afirmou a superintendente Glediane Assis.&nbsp;<\/p>\n\n\n\n<p><strong>Educa\u00e7\u00e3o no Sistema Penitenci\u00e1rio<\/strong><\/p>\n\n\n<div class=\"wp-block-image\">\n<figure class=\"aligncenter size-full is-resized\"><img loading=\"lazy\" decoding=\"async\" width=\"768\" height=\"1024\" src=\"https:\/\/diarionews.com.br\/wp-content\/uploads\/2026\/01\/RESSOCIALIZAC.jpg\" alt=\"\" class=\"wp-image-2916\" style=\"width:572px;height:auto\" srcset=\"https:\/\/diarionews.com.br\/wp-content\/uploads\/2026\/01\/RESSOCIALIZAC.jpg 768w, https:\/\/diarionews.com.br\/wp-content\/uploads\/2026\/01\/RESSOCIALIZAC-225x300.jpg 225w, https:\/\/diarionews.com.br\/wp-content\/uploads\/2026\/01\/RESSOCIALIZAC-315x420.jpg 315w, https:\/\/diarionews.com.br\/wp-content\/uploads\/2026\/01\/RESSOCIALIZAC-150x200.jpg 150w, https:\/\/diarionews.com.br\/wp-content\/uploads\/2026\/01\/RESSOCIALIZAC-300x400.jpg 300w, https:\/\/diarionews.com.br\/wp-content\/uploads\/2026\/01\/RESSOCIALIZAC-696x928.jpg 696w\" sizes=\"auto, (max-width: 768px) 100vw, 768px\" \/><\/figure><\/div>\n\n\n<p>Atualmente, os estabelecimentos penais de Mato Grosso contam com 117 salas de aula, 11 laborat\u00f3rios de inform\u00e1tica e 13 espa\u00e7os de leitura estruturados com acervos liter\u00e1rios e ambientes destinados \u00e0 promo\u00e7\u00e3o da leitura e da reflex\u00e3o.<\/p>\n\n\n\n<p><strong>Atividades complementares<\/strong><\/p>\n\n\n\n<p>Outra modalidade educacional promovida nas unidades prisionais de Mato Grosso foram as atividades complementares, totalizando 4.951 participantes nas \u00e1reas da cultura, esporte, lazer, palestras e semin\u00e1rios, concurso de reda\u00e7\u00e3o e Olimp\u00edada de Matem\u00e1tica.&nbsp;<\/p>\n\n\n\n<p>Na promo\u00e7\u00e3o da educa\u00e7\u00e3o pela leitura, 806 participantes da \u201c6\u00aa Jornada da Leitura\u201d, al\u00e9m de 2.770 que tiveram a remi\u00e7\u00e3o de pena por meio da leitura.<\/p>\n\n\n\n<p><strong>Capacita\u00e7\u00e3o<\/strong><\/p>\n\n\n\n<p>Com apoio de institui\u00e7\u00f5es parceiras, a Sejus ofertou diversos cursos de capacita\u00e7\u00e3o aos reeducandos, em diversas \u00e1reas e modalidades. Foram 1.414 participantes em cursos presenciais e outros 99 foram feitos por meio do Ensino \u00e0 Dist\u00e2ncia.<\/p>\n\n\n\n<p>O objetivo do Governo de Mato Grosso \u00e9 promover a ressocializa\u00e7\u00e3o por meio da educa\u00e7\u00e3o nas unidades prisionais de todo o Estado, &nbsp;garantindo conhecimento como instrumento de mudan\u00e7a de vida aos custodiados.<\/p>\n\n\n\n<p>Wilerson Macedo Leite*&nbsp;|&nbsp;Sejus-MT<\/p>\n","protected":false},"excerpt":{"rendered":"<p>A\u00e7\u00f5es foram ofertadas em 41 unidades prisionais do Estado, como educa\u00e7\u00e3o b\u00e1sica, exames nacionais, entre outros A Secretaria de Estado de Justi\u00e7a (Sejus) realizou, ao longo de 2025, a\u00e7\u00f5es pedag\u00f3gicas formais e complementares dentro das unidades prisionais e pela Funda\u00e7\u00e3o Nova Chance. No balan\u00e7o do ano, foram 19.142 mil reeducandos participantes nas atividades que variam [&hellip;]<\/p>\n","protected":false},"author":3,"featured_media":2917,"comment_status":"open","ping_status":"open","sticky":false,"template":"","format":"standard","meta":{"footnotes":""},"categories":[18],"tags":[956],"class_list":["post-3026","post","type-post","status-publish","format-standard","has-post-thumbnail","hentry","category-estaduais","tag-importante"],"_links":{"self":[{"href":"https:\/\/diarionews.com.br\/index.php?rest_route=\/wp\/v2\/posts\/3026","targetHints":{"allow":["GET"]}}],"collection":[{"href":"https:\/\/diarionews.com.br\/index.php?rest_route=\/wp\/v2\/posts"}],"about":[{"href":"https:\/\/diarionews.com.br\/index.php?rest_route=\/wp\/v2\/types\/post"}],"author":[{"embeddable":true,"href":"https:\/\/diarionews.com.br\/index.php?rest_route=\/wp\/v2\/users\/3"}],"replies":[{"embeddable":true,"href":"https:\/\/diarionews.com.br\/index.php?rest_route=%2Fwp%2Fv2%2Fcomments&post=3026"}],"version-history":[{"count":1,"href":"https:\/\/diarionews.com.br\/index.php?rest_route=\/wp\/v2\/posts\/3026\/revisions"}],"predecessor-version":[{"id":3027,"href":"https:\/\/diarionews.com.br\/index.php?rest_route=\/wp\/v2\/posts\/3026\/revisions\/3027"}],"wp:featuredmedia":[{"embeddable":true,"href":"https:\/\/diarionews.com.br\/index.php?rest_route=\/wp\/v2\/media\/2917"}],"wp:attachment":[{"href":"https:\/\/diarionews.com.br\/index.php?rest_route=%2Fwp%2Fv2%2Fmedia&parent=3026"}],"wp:term":[{"taxonomy":"category","embeddable":true,"href":"https:\/\/diarionews.com.br\/index.php?rest_route=%2Fwp%2Fv2%2Fcategories&post=3026"},{"taxonomy":"post_tag","embeddable":true,"href":"https:\/\/diarionews.com.br\/index.php?rest_route=%2Fwp%2Fv2%2Ftags&post=3026"}],"curies":[{"name":"wp","href":"https:\/\/api.w.org\/{rel}","templated":true}]}}