{"id":2933,"date":"2026-01-13T07:43:16","date_gmt":"2026-01-13T11:43:16","guid":{"rendered":"https:\/\/diarionews.com.br\/?p=2933"},"modified":"2026-01-13T07:43:17","modified_gmt":"2026-01-13T11:43:17","slug":"seduc-alerta-estudantes-para-prazos-e-procedimentos-do-premio-redacao-nota-1-000","status":"publish","type":"post","link":"https:\/\/diarionews.com.br\/?p=2933","title":{"rendered":"Seduc alerta estudantes para prazos e procedimentos do Pr\u00eamio Reda\u00e7\u00e3o Nota 1.000"},"content":{"rendered":"\n<h3 class=\"wp-block-heading has-text-align-center\"><em><strong>Notas ser\u00e3o divulgadas pelo Inep em 16 de janeiro; alunos da rede que fizeram o Enem podem garantir premia\u00e7\u00e3o em dinheiro<\/strong><\/em><\/h3>\n\n\n\n<p>Com a divulga\u00e7\u00e3o das notas do Exame Nacional do Ensino M\u00e9dio (Enem) 2025, prevista para 16 de janeiro, a Secretaria de Estado de Educa\u00e7\u00e3o (Seduc) alerta os estudantes da Rede Estadual para os prazos e procedimentos do Pr\u00eamio Reda\u00e7\u00e3o Nota 1.000.<\/p>\n\n\n\n<p>O pr\u00eamio busca valorizar as produ\u00e7\u00f5es textuais que demonstraram qualidade, criatividade e dom\u00ednio da norma culta da l\u00edngua portuguesa na prova de reda\u00e7\u00e3o do Enem.<\/p>\n\n\n\n<p>\u201cEssa iniciativa \u00e9 uma forma concreta de reconhecer o esfor\u00e7o, a dedica\u00e7\u00e3o e o talento dos nossos estudantes, que se empenharam ao longo de toda a trajet\u00f3ria escolar para alcan\u00e7ar resultados de destaque\u201d, destacou o secret\u00e1rio de Estado de Educa\u00e7\u00e3o, Alan Porto.<\/p>\n\n\n\n<p>Ser\u00e3o concedidos pr\u00eamios em dinheiro a alunos que conclu\u00edram o Ensino M\u00e9dio e alcan\u00e7aram nota 960, 980 ou 1.000 na reda\u00e7\u00e3o do Enem. Os valores correspondem, respectivamente, a R$ 500,00, R$ 1.000,00 e R$ 5.000,00.<\/p>\n\n\n\n<p>\u201cMais do que um incentivo financeiro, o pr\u00eamio representa um reconhecimento p\u00fablico do m\u00e9rito acad\u00eamico e da import\u00e2ncia da educa\u00e7\u00e3o como ferramenta de transforma\u00e7\u00e3o\u201d, destacou o secret\u00e1rio.<\/p>\n\n\n\n<p>Para ter direito ao pr\u00eamio, o estudante deve ter conclu\u00eddo o Ensino M\u00e9dio na Rede Estadual no mesmo ano de realiza\u00e7\u00e3o do exame.<\/p>\n\n\n\n<p>O processo de valida\u00e7\u00e3o ficar\u00e1 sob responsabilidade das escolas, das Diretorias Regionais de Educa\u00e7\u00e3o (DREs) e da Diretoria Metropolitana de Educa\u00e7\u00e3o (DME), que ir\u00e3o verificar e atestar a autenticidade das informa\u00e7\u00f5es.<\/p>\n\n\n\n<p>O pagamento ser\u00e1 realizado via PIX ou transfer\u00eancia banc\u00e1ria diretamente para a conta do estudante. Caso ele n\u00e3o possua conta em seu nome, o valor poder\u00e1 ser depositado na conta dos pais ou respons\u00e1veis legais.<\/p>\n\n\n\n<p>Para fazer jus \u00e0 premia\u00e7\u00e3o, o estudante dever\u00e1 comparecer \u00e0 unidade escolar onde concluiu o Ensino M\u00e9dio, apresentando a seguinte documenta\u00e7\u00e3o:<\/p>\n\n\n\n<p>I. Documento oficial de identifica\u00e7\u00e3o com foto;<\/p>\n\n\n\n<p>II. Declara\u00e7\u00e3o de conclus\u00e3o do Ensino M\u00e9dio ou hist\u00f3rico escolar (solicitar na pr\u00f3pria unidade escolar);<\/p>\n\n\n\n<p>III. Resultado oficial do Enem 2025 (formato PDF), obtido na P\u00e1gina do Participante (site do Inep), contendo obrigatoriamente: n\u00famero de inscri\u00e7\u00e3o, nome, CPF, resultados de todas as \u00e1reas e a chave de valida\u00e7\u00e3o;<\/p>\n\n\n\n<p>IV. Comprovante de conta banc\u00e1ria ou chave PIX vinculada ao CPF do estudante (extrato ou c\u00f3pia do cart\u00e3o). Caso o estudante n\u00e3o possua conta pr\u00f3pria, poder\u00e1 indicar a de um dos pais ou respons\u00e1vel legal (conforme cadastro na matr\u00edcula), mediante comprova\u00e7\u00e3o de titularidade.<\/p>\n\n\n\n<p>Valida\u00e7\u00e3o: A veracidade do resultado do Enem 2025 deve ser atestada pelo gestor da unidade escolar, que acessar\u00e1 a P\u00e1gina do Participante junto ao estudante para confirmar a nota. O documento dever\u00e1 ser assinado e carimbado pelo gestor.<\/p>\n\n\n\n<p>\u201c\u00c9 fundamental que o estudante fique atento aos procedimentos e re\u00fana corretamente a documenta\u00e7\u00e3o para garantir o recebimento do pr\u00eamio, que representa mais do que um reconhecimento. Esse pr\u00eamio n\u00e3o \u00e9 apenas financeiro, \u00e9 simb\u00f3lico. \u00c9 uma forma de mostrar ao estudante que seu esfor\u00e7o, sua dedica\u00e7\u00e3o e seu comprometimento com a l\u00edngua portuguesa e com a educa\u00e7\u00e3o s\u00e3o valorizados pelo Estado\u201d, concluiu.<\/p>\n\n\n\n<p><strong>Cronograma de prazos<\/strong><\/p>\n\n\n\n<p>Estudantes: At\u00e9 13 de fevereiro de 2026 (20 dias \u00fateis ap\u00f3s a divulga\u00e7\u00e3o) para entregar a documenta\u00e7\u00e3o na escola.<\/p>\n\n\n\n<p>Unidades escolares: At\u00e9 3 de mar\u00e7o de 2026 (10 dias \u00fateis) para encaminhar a documenta\u00e7\u00e3o \u00e0 respectiva DRE\/DME.<\/p>\n\n\n\n<p>La\u00eds Soares\u00a0|\u00a0Seduc-MT<\/p>\n","protected":false},"excerpt":{"rendered":"<p>Notas ser\u00e3o divulgadas pelo Inep em 16 de janeiro; alunos da rede que fizeram o Enem podem garantir premia\u00e7\u00e3o em dinheiro Com a divulga\u00e7\u00e3o das notas do Exame Nacional do Ensino M\u00e9dio (Enem) 2025, prevista para 16 de janeiro, a Secretaria de Estado de Educa\u00e7\u00e3o (Seduc) alerta os estudantes da Rede Estadual para os prazos [&hellip;]<\/p>\n","protected":false},"author":3,"featured_media":2934,"comment_status":"open","ping_status":"open","sticky":false,"template":"","format":"standard","meta":{"footnotes":""},"categories":[9],"tags":[],"class_list":["post-2933","post","type-post","status-publish","format-standard","has-post-thumbnail","hentry","category-educacao"],"_links":{"self":[{"href":"https:\/\/diarionews.com.br\/index.php?rest_route=\/wp\/v2\/posts\/2933","targetHints":{"allow":["GET"]}}],"collection":[{"href":"https:\/\/diarionews.com.br\/index.php?rest_route=\/wp\/v2\/posts"}],"about":[{"href":"https:\/\/diarionews.com.br\/index.php?rest_route=\/wp\/v2\/types\/post"}],"author":[{"embeddable":true,"href":"https:\/\/diarionews.com.br\/index.php?rest_route=\/wp\/v2\/users\/3"}],"replies":[{"embeddable":true,"href":"https:\/\/diarionews.com.br\/index.php?rest_route=%2Fwp%2Fv2%2Fcomments&post=2933"}],"version-history":[{"count":1,"href":"https:\/\/diarionews.com.br\/index.php?rest_route=\/wp\/v2\/posts\/2933\/revisions"}],"predecessor-version":[{"id":2935,"href":"https:\/\/diarionews.com.br\/index.php?rest_route=\/wp\/v2\/posts\/2933\/revisions\/2935"}],"wp:featuredmedia":[{"embeddable":true,"href":"https:\/\/diarionews.com.br\/index.php?rest_route=\/wp\/v2\/media\/2934"}],"wp:attachment":[{"href":"https:\/\/diarionews.com.br\/index.php?rest_route=%2Fwp%2Fv2%2Fmedia&parent=2933"}],"wp:term":[{"taxonomy":"category","embeddable":true,"href":"https:\/\/diarionews.com.br\/index.php?rest_route=%2Fwp%2Fv2%2Fcategories&post=2933"},{"taxonomy":"post_tag","embeddable":true,"href":"https:\/\/diarionews.com.br\/index.php?rest_route=%2Fwp%2Fv2%2Ftags&post=2933"}],"curies":[{"name":"wp","href":"https:\/\/api.w.org\/{rel}","templated":true}]}}