{"id":2927,"date":"2026-01-13T07:39:46","date_gmt":"2026-01-13T11:39:46","guid":{"rendered":"https:\/\/diarionews.com.br\/?p=2927"},"modified":"2026-01-13T08:28:01","modified_gmt":"2026-01-13T12:28:01","slug":"projeto-social-bombeiros-do-futuro-sera-implantado-em-paranaita","status":"publish","type":"post","link":"https:\/\/diarionews.com.br\/?p=2927","title":{"rendered":"Projeto Social Bombeiros do Futuro ser\u00e1 implantado em Parana\u00edta"},"content":{"rendered":"\n<p>O Prefeito Osmar Moreira, vice Dema e os vereadores estiveram reunidos com os militares do Corpo de Bombeiros Major Almeida e Cabo Lorenzetti, com intuito de lan\u00e7ar o Projeto Social Bombeiros do Futuro em Parana\u00edta.<\/p>\n\n\n\n<p>A lei que autoriza o Poder Executivo Municipal a implantar o Projeto Social &#8220;Bombeiros do Futuro&#8221; em Parana\u00edta (MT) \u00e9 a Lei Municipal n\u00ba 1.520\/2025 votada e aprovada pela C\u00e2mara de Vereadores paranaitense.<\/p>\n\n\n\n<p>Esta legisla\u00e7\u00e3o municipal estabelece as bases para a parceria entre a Prefeitura de parana\u00edta e o Corpo de Bombeiros Militar do Estado de Mato Grosso (CBMMT), por meio da 7\u00aa Companhia Independente de alta Floresta, o projeto ser\u00e1 coordenado pela Secretaria de Tr\u00e2nsito e Seguran\u00e7a (Joir\u00e7o), com apoio da Secretaria de Assist\u00eancia Social, Nair Valentim, Educa\u00e7\u00e3o (Eliane) e Sa\u00fade (Andr\u00e9ia).<\/p>\n\n\n\n<p>Objetivos e P\u00fablico-Alvo<\/p>\n\n\n\n<p>O programa&nbsp; ter\u00e1 uma grade curricular de 136 horas\/aulas e visa a inclus\u00e3o social e o desenvolvimento de crian\u00e7as e adolescentes, focando em meninos e meninas com idade entre 8 e 12 anos.<\/p>\n\n\n\n<p>Foco Social: A Prioridade \u00e9 para jovens em situa\u00e7\u00e3o de vulnerabilidade social, preferencialmente cadastrados no Cad\u00danico.<\/p>\n\n\n\n<p>Vagas e Aux\u00edlio: A legisla\u00e7\u00e3o prev\u00ea a cria\u00e7\u00e3o de uma bolsa-aux\u00edlio para at\u00e9 50% das vagas ofertadas, destinada especificamente aos alunos em maior risco social, as demais atrav\u00e9s de outros crit\u00e9rios.<\/p>\n\n\n\n<p>O que os alunos aprendem?<\/p>\n\n\n\n<p>As atividades ocorrem geralmente aos s\u00e1bados ou no contraturno escolar e abrangem:<\/p>\n\n\n\n<p>No\u00e7\u00f5es de Bombeiro: Primeiros socorros, preven\u00e7\u00e3o de acidentes dom\u00e9sticos e educa\u00e7\u00e3o para o tr\u00e2nsito.<\/p>\n\n\n\n<p>Cidadania: Instru\u00e7\u00f5es sobre \u00e9tica, disciplina, civismo e respeito.<\/p>\n\n\n\n<p>Meio Ambiente: Educa\u00e7\u00e3o ambiental e pr\u00e1ticas de preserva\u00e7\u00e3o.<\/p>\n\n\n\n<p>Requisitos para Inscri\u00e7\u00e3o<\/p>\n\n\n\n<p>As inscri\u00e7\u00f5es em Parana\u00edta ser\u00e3o de 19 a 30 de janeiro e os requisitos padr\u00e3o do CBMMT incluem:<\/p>\n\n\n\n<p>Estar regularmente matriculado na rede de ensino.<\/p>\n\n\n\n<p>Apresentar atestado de sa\u00fade para atividades f\u00edsicas leves.<\/p>\n\n\n\n<p>Documenta\u00e7\u00e3o dos pais ou respons\u00e1veis.<\/p>\n\n\n\n<p>Os Vereadores: Adimilson Mota (Presidente), Soninha Berlanda, Rusdaell Barbosa, Valdir Leonel, Biro, Professor Fernando, Jenildo Miguel e Orleans Marup\u00e1 participaram do evento.<\/p>\n\n\n\n<p>A Primeira Dama de Parana\u00edta e Secret\u00e1ria de Assist\u00eancia Social, Nair valentim, a Secret\u00e1ria de Educa\u00e7\u00e3o, Eliane Zanette e o Secret\u00e1rio de Seguran\u00e7a, Joir\u00e7o da Silva estiveram presentes na reuni\u00e3o.<\/p>\n\n\n\n<p>Assessoria <\/p>\n","protected":false},"excerpt":{"rendered":"<p>O Prefeito Osmar Moreira, vice Dema e os vereadores estiveram reunidos com os militares do Corpo de Bombeiros Major Almeida e Cabo Lorenzetti, com intuito de lan\u00e7ar o Projeto Social Bombeiros do Futuro em Parana\u00edta. A lei que autoriza o Poder Executivo Municipal a implantar o Projeto Social &#8220;Bombeiros do Futuro&#8221; em Parana\u00edta (MT) \u00e9 [&hellip;]<\/p>\n","protected":false},"author":3,"featured_media":2928,"comment_status":"open","ping_status":"open","sticky":false,"template":"","format":"standard","meta":{"footnotes":""},"categories":[21],"tags":[956],"class_list":["post-2927","post","type-post","status-publish","format-standard","has-post-thumbnail","hentry","category-regiao","tag-importante"],"_links":{"self":[{"href":"https:\/\/diarionews.com.br\/index.php?rest_route=\/wp\/v2\/posts\/2927","targetHints":{"allow":["GET"]}}],"collection":[{"href":"https:\/\/diarionews.com.br\/index.php?rest_route=\/wp\/v2\/posts"}],"about":[{"href":"https:\/\/diarionews.com.br\/index.php?rest_route=\/wp\/v2\/types\/post"}],"author":[{"embeddable":true,"href":"https:\/\/diarionews.com.br\/index.php?rest_route=\/wp\/v2\/users\/3"}],"replies":[{"embeddable":true,"href":"https:\/\/diarionews.com.br\/index.php?rest_route=%2Fwp%2Fv2%2Fcomments&post=2927"}],"version-history":[{"count":1,"href":"https:\/\/diarionews.com.br\/index.php?rest_route=\/wp\/v2\/posts\/2927\/revisions"}],"predecessor-version":[{"id":2929,"href":"https:\/\/diarionews.com.br\/index.php?rest_route=\/wp\/v2\/posts\/2927\/revisions\/2929"}],"wp:featuredmedia":[{"embeddable":true,"href":"https:\/\/diarionews.com.br\/index.php?rest_route=\/wp\/v2\/media\/2928"}],"wp:attachment":[{"href":"https:\/\/diarionews.com.br\/index.php?rest_route=%2Fwp%2Fv2%2Fmedia&parent=2927"}],"wp:term":[{"taxonomy":"category","embeddable":true,"href":"https:\/\/diarionews.com.br\/index.php?rest_route=%2Fwp%2Fv2%2Fcategories&post=2927"},{"taxonomy":"post_tag","embeddable":true,"href":"https:\/\/diarionews.com.br\/index.php?rest_route=%2Fwp%2Fv2%2Ftags&post=2927"}],"curies":[{"name":"wp","href":"https:\/\/api.w.org\/{rel}","templated":true}]}}