{"id":2792,"date":"2025-12-20T06:30:00","date_gmt":"2025-12-20T10:30:00","guid":{"rendered":"https:\/\/diarionews.com.br\/?p=2792"},"modified":"2025-12-19T14:48:02","modified_gmt":"2025-12-19T18:48:02","slug":"ala-pediatrica-do-hospital-central-do-estado-foi-criada-para-oferecer-ambiente-acolhedor-para-criancas","status":"publish","type":"post","link":"https:\/\/diarionews.com.br\/?p=2792","title":{"rendered":"Ala pedi\u00e1trica do Hospital Central do Estado foi criada para oferecer ambiente acolhedor para crian\u00e7as"},"content":{"rendered":"\n<p>Unidade ser\u00e1 refer\u00eancia no atendimento infantil, com 99 leitos tem\u00e1ticos, pensados especialmente para crian\u00e7as<\/p>\n\n\n\n<p>O Hospital Central do Estado de Mato Grosso ter\u00e1 99 leitos de pediatria, sendo 30 de Unidade de Terapia Intensiva Pedi\u00e1trica (UTI), 18 leitos de cuidados intermedi\u00e1rios e 51 de enfermaria. Para tornar o per\u00edodo de interna\u00e7\u00e3o de crian\u00e7as menos estressante e mais acolhedor, a ala pedi\u00e1trica foi concebida com uma abordagem totalmente l\u00fadica.<\/p>\n\n\n\n<p>\u201cFizemos uma ala pedi\u00e1trica muito especial, atendendo a uma determina\u00e7\u00e3o do governador Mauro Mendes, para que as crian\u00e7as se sintam em casa, mesmo afastadas de sua rotina e de seu ambiente familiar, para que tenham a recupera\u00e7\u00e3o mais r\u00e1pida poss\u00edvel e um atendimento humanizado por parte de toda a equipe do Hospital Central\u201d, destacou o secret\u00e1rio de Estado de Sa\u00fade de Mato Grosso, Gilberto Figueiredo.<\/p>\n\n\n\n<p>Segundo a secret\u00e1ria adjunta de Infraestrutura e Tecnologia da Informa\u00e7\u00e3o, Mayara Galv\u00e3o, as enfermarias foram organizadas em quatro temas: fundo do mar, safari, bosques e ursos. Cada um desses temas est\u00e1 presente nos pain\u00e9is de TV, nas cabeceiras dos leitos e nos adesivos decorativos.<\/p>\n\n\n\n<p>\u201cA inten\u00e7\u00e3o \u00e9 transformar o espa\u00e7o em um cen\u00e1rio que estimule a imagina\u00e7\u00e3o e facilite a distra\u00e7\u00e3o no tratamento, contribuindo para uma experi\u00eancia mais leve e confort\u00e1vel durante o atendimento no hospital\u201d, explicou Mayara.<\/p>\n\n\n\n<p>Os detalhes da pintura da ala pedi\u00e1trica foram planejados para compor um visual que transmitisse leveza e bem-estar \u00e0s crian\u00e7as, utilizando elementos ilustrativos e cores suaves.<\/p>\n\n\n\n<p>\u201cToda a proposta da decora\u00e7\u00e3o foi desenvolvida para tornar o local mais agrad\u00e1vel, estimulante e humanizado. Cada enfermaria conta com poltronas confort\u00e1veis, reclin\u00e1veis e automatizadas, projetadas para garantir maior ergonomia e bem-estar ao acompanhante durante a perman\u00eancia no hospital\u201d, acrescentou.<\/p>\n\n\n\n<p>A unidade ter\u00e1 diversos espa\u00e7os voltados ao acolhimento infantil. Haver\u00e1 uma brinquedoteca em cada bloco de enfermaria pedi\u00e1trica e, al\u00e9m disso, o primeiro andar contar\u00e1 com uma brinquedoteca na \u00e1rea do laborat\u00f3rio, onde ser\u00e3o realizadas as coletas de exames.<\/p>\n\n\n\n<p>\u201cNo t\u00e9rreo, foram previstos dois espa\u00e7os de intera\u00e7\u00e3o, onde as crian\u00e7as podem desenhar, brincar e se distrair enquanto aguardam atendimento no Centro de Imagens e nos ambulat\u00f3rios pedi\u00e1trico e adulto. A ideia \u00e9 ampliar as oportunidades de acolhimento e tornar diferentes \u00e1reas do hospital mais amig\u00e1veis ao p\u00fablico infantil\u201d, concluiu.<\/p>\n\n\n\n<p>O Hospital Central ser\u00e1 inaugurado pelo Governo do Estado no dia 19 de dezembro. Ap\u00f3s a inaugura\u00e7\u00e3o, a unidade ser\u00e1 aberta a visitas guiadas para a popula\u00e7\u00e3o e representantes de diversos poderes e setores. Em seguida, haver\u00e1 a desinfec\u00e7\u00e3o e, j\u00e1 em janeiro de 2026, o hospital estar\u00e1 pronto para iniciar as atividades.<\/p>\n\n\n\n<p>Os servi\u00e7os ser\u00e3o implementados em quatro etapas, que devem ocorrer entre janeiro e abril. Cabe destacar que os atendimentos realizados no Hospital Central ser\u00e3o 100% via Sistema \u00danico de Sa\u00fade (SUS).<\/p>\n\n\n\n<p><strong>Saiba mais sobre o hospital<\/strong><\/p>\n\n\n\n<p>O Hospital Central ficou 34 anos com as obras inacabadas, mas teve a constru\u00e7\u00e3o retomada pela atual gest\u00e3o do Governo do Estado. A estrutura foi ampliada de 9 mil m\u00b2 para 32 mil m\u00b2 de \u00e1rea constru\u00edda para atender demandas de alta complexidade.<\/p>\n\n\n\n<p>A unidade ter\u00e1 287 leitos totais, sendo 78 leitos de UTI, 18 leitos semi-intensivos, 180 de enfermaria e 11 de isolamento. A estrutura ainda contar\u00e1 com dez salas cir\u00fargicas, inclusive com a realiza\u00e7\u00e3o de cirurgias rob\u00f3ticas e duas salas de hemodin\u00e2mica para realizar procedimentos minimamente invasivos, como cateterismo card\u00edaco e angioplastia.<\/p>\n\n\n\n<p>Dentre as especialidades m\u00e9dicas previstas para o hospital, est\u00e3o: cirurgia geral, cirurgia do aparelho digestivo, ortopedia, urologia, cirurgia oncol\u00f3gica, cirurgia vascular, cardiologia, neurocirurgia e hemodin\u00e2mica. No futuro, tamb\u00e9m \u00e9 prevista a realiza\u00e7\u00e3o de transplantes na unidade.<\/p>\n\n\n\n<p>Ana Lazarini e Luiza Goulart | SES-MT<\/p>\n","protected":false},"excerpt":{"rendered":"<p>Unidade ser\u00e1 refer\u00eancia no atendimento infantil, com 99 leitos tem\u00e1ticos, pensados especialmente para crian\u00e7as O Hospital Central do Estado de Mato Grosso ter\u00e1 99 leitos de pediatria, sendo 30 de Unidade de Terapia Intensiva Pedi\u00e1trica (UTI), 18 leitos de cuidados intermedi\u00e1rios e 51 de enfermaria. Para tornar o per\u00edodo de interna\u00e7\u00e3o de crian\u00e7as menos estressante [&hellip;]<\/p>\n","protected":false},"author":3,"featured_media":2773,"comment_status":"open","ping_status":"open","sticky":false,"template":"","format":"standard","meta":{"footnotes":""},"categories":[2],"tags":[956],"class_list":["post-2792","post","type-post","status-publish","format-standard","has-post-thumbnail","hentry","category-saude","tag-importante"],"_links":{"self":[{"href":"https:\/\/diarionews.com.br\/index.php?rest_route=\/wp\/v2\/posts\/2792","targetHints":{"allow":["GET"]}}],"collection":[{"href":"https:\/\/diarionews.com.br\/index.php?rest_route=\/wp\/v2\/posts"}],"about":[{"href":"https:\/\/diarionews.com.br\/index.php?rest_route=\/wp\/v2\/types\/post"}],"author":[{"embeddable":true,"href":"https:\/\/diarionews.com.br\/index.php?rest_route=\/wp\/v2\/users\/3"}],"replies":[{"embeddable":true,"href":"https:\/\/diarionews.com.br\/index.php?rest_route=%2Fwp%2Fv2%2Fcomments&post=2792"}],"version-history":[{"count":1,"href":"https:\/\/diarionews.com.br\/index.php?rest_route=\/wp\/v2\/posts\/2792\/revisions"}],"predecessor-version":[{"id":2793,"href":"https:\/\/diarionews.com.br\/index.php?rest_route=\/wp\/v2\/posts\/2792\/revisions\/2793"}],"wp:featuredmedia":[{"embeddable":true,"href":"https:\/\/diarionews.com.br\/index.php?rest_route=\/wp\/v2\/media\/2773"}],"wp:attachment":[{"href":"https:\/\/diarionews.com.br\/index.php?rest_route=%2Fwp%2Fv2%2Fmedia&parent=2792"}],"wp:term":[{"taxonomy":"category","embeddable":true,"href":"https:\/\/diarionews.com.br\/index.php?rest_route=%2Fwp%2Fv2%2Fcategories&post=2792"},{"taxonomy":"post_tag","embeddable":true,"href":"https:\/\/diarionews.com.br\/index.php?rest_route=%2Fwp%2Fv2%2Ftags&post=2792"}],"curies":[{"name":"wp","href":"https:\/\/api.w.org\/{rel}","templated":true}]}}