{"id":2790,"date":"2025-12-20T06:20:00","date_gmt":"2025-12-20T10:20:00","guid":{"rendered":"https:\/\/diarionews.com.br\/?p=2790"},"modified":"2025-12-19T14:47:23","modified_gmt":"2025-12-19T18:47:23","slug":"camara-de-alta-floresta-aprova-projeto-que-flexibiliza-plantoes-extras-na-saude","status":"publish","type":"post","link":"https:\/\/diarionews.com.br\/?p=2790","title":{"rendered":"C\u00e2mara de Alta Floresta aprova projeto que flexibiliza plant\u00f5es extras na Sa\u00fade"},"content":{"rendered":"\n<p>A C\u00e2mara Municipal de Alta Floresta aprovou, na sess\u00e3o ordin\u00e1ria realizada na segunda-feira (15), o Projeto de Lei n\u00ba 2.383\/2025, de autoria do Executivo Municipal, que acrescenta dispositivo \u00e0 Lei n\u00ba 3.001\/2025, respons\u00e1vel por regulamentar o pagamento dos servi\u00e7os de plant\u00f5es extras na rede p\u00fablica municipal de sa\u00fade.<\/p>\n\n\n\n<p>Com a aprova\u00e7\u00e3o, a legisla\u00e7\u00e3o passa a permitir a programa\u00e7\u00e3o de plant\u00f5es proporcionais, al\u00e9m do modelo j\u00e1 existente. De acordo com o texto aprovado, poder\u00e3o ser realizados plant\u00f5es de 6 horas, correspondentes a meio plant\u00e3o, ou de 3 horas, equivalentes a um quarto de plant\u00e3o, conforme a necessidade dos servi\u00e7os.<\/p>\n\n\n\n<p>A proposta, enviada pelo prefeito Valdemar Gamba, tem como objetivo dar maior flexibilidade \u00e0 gest\u00e3o da Secretaria Municipal de Sa\u00fade, possibilitando melhor adequa\u00e7\u00e3o da carga hor\u00e1ria dos profissionais \u00e0s demandas espec\u00edficas, especialmente em situa\u00e7\u00f5es pontuais, como eventos e atividades desenvolvidas no Pronto Atendimento Municipal (UPA).<\/p>\n\n\n\n<p>Na justificativa encaminhada ao Legislativo, o Executivo destaca que a altera\u00e7\u00e3o busca atender de forma mais eficiente as demandas da popula\u00e7\u00e3o, garantindo a continuidade e a qualidade dos servi\u00e7os de sa\u00fade, ao mesmo tempo em que otimiza a organiza\u00e7\u00e3o dos plant\u00f5es extras.<\/p>\n\n\n\n<p>O projeto tamb\u00e9m autoriza a reedi\u00e7\u00e3o da Lei n\u00ba 3.001\/2025 com as altera\u00e7\u00f5es introduzidas, consolidando o novo texto legal. A nova lei entra em vigor na data de sua publica\u00e7\u00e3o, revogando disposi\u00e7\u00f5es em contr\u00e1rio.<\/p>\n\n\n\n<p>A administra\u00e7\u00e3o municipal refor\u00e7ou que a medida contribui para uma gest\u00e3o mais din\u00e2mica dos recursos humanos na sa\u00fade p\u00fablica, assegurando melhores condi\u00e7\u00f5es para atender a popula\u00e7\u00e3o de Alta Floresta.<\/p>\n\n\n\n<p><strong>Lindomar Leal<\/strong><\/p>\n\n\n\n<p><strong>Assessoria de Imprensa<\/strong><\/p>\n","protected":false},"excerpt":{"rendered":"<p>A C\u00e2mara Municipal de Alta Floresta aprovou, na sess\u00e3o ordin\u00e1ria realizada na segunda-feira (15), o Projeto de Lei n\u00ba 2.383\/2025, de autoria do Executivo Municipal, que acrescenta dispositivo \u00e0 Lei n\u00ba 3.001\/2025, respons\u00e1vel por regulamentar o pagamento dos servi\u00e7os de plant\u00f5es extras na rede p\u00fablica municipal de sa\u00fade. Com a aprova\u00e7\u00e3o, a legisla\u00e7\u00e3o passa a [&hellip;]<\/p>\n","protected":false},"author":3,"featured_media":2765,"comment_status":"open","ping_status":"open","sticky":false,"template":"","format":"standard","meta":{"footnotes":""},"categories":[2,6],"tags":[956],"class_list":["post-2790","post","type-post","status-publish","format-standard","has-post-thumbnail","hentry","category-saude","category-local","tag-importante"],"_links":{"self":[{"href":"https:\/\/diarionews.com.br\/index.php?rest_route=\/wp\/v2\/posts\/2790","targetHints":{"allow":["GET"]}}],"collection":[{"href":"https:\/\/diarionews.com.br\/index.php?rest_route=\/wp\/v2\/posts"}],"about":[{"href":"https:\/\/diarionews.com.br\/index.php?rest_route=\/wp\/v2\/types\/post"}],"author":[{"embeddable":true,"href":"https:\/\/diarionews.com.br\/index.php?rest_route=\/wp\/v2\/users\/3"}],"replies":[{"embeddable":true,"href":"https:\/\/diarionews.com.br\/index.php?rest_route=%2Fwp%2Fv2%2Fcomments&post=2790"}],"version-history":[{"count":1,"href":"https:\/\/diarionews.com.br\/index.php?rest_route=\/wp\/v2\/posts\/2790\/revisions"}],"predecessor-version":[{"id":2791,"href":"https:\/\/diarionews.com.br\/index.php?rest_route=\/wp\/v2\/posts\/2790\/revisions\/2791"}],"wp:featuredmedia":[{"embeddable":true,"href":"https:\/\/diarionews.com.br\/index.php?rest_route=\/wp\/v2\/media\/2765"}],"wp:attachment":[{"href":"https:\/\/diarionews.com.br\/index.php?rest_route=%2Fwp%2Fv2%2Fmedia&parent=2790"}],"wp:term":[{"taxonomy":"category","embeddable":true,"href":"https:\/\/diarionews.com.br\/index.php?rest_route=%2Fwp%2Fv2%2Fcategories&post=2790"},{"taxonomy":"post_tag","embeddable":true,"href":"https:\/\/diarionews.com.br\/index.php?rest_route=%2Fwp%2Fv2%2Ftags&post=2790"}],"curies":[{"name":"wp","href":"https:\/\/api.w.org\/{rel}","templated":true}]}}