{"id":2788,"date":"2025-12-20T06:10:00","date_gmt":"2025-12-20T10:10:00","guid":{"rendered":"https:\/\/diarionews.com.br\/?p=2788"},"modified":"2025-12-19T14:46:27","modified_gmt":"2025-12-19T18:46:27","slug":"para-nininho-virginia-mendes-promove-transformacao-inedita-nas-politicas-sociais-do-estado","status":"publish","type":"post","link":"https:\/\/diarionews.com.br\/?p=2788","title":{"rendered":"Para Nininho, Virginia Mendes promove transforma\u00e7\u00e3o in\u00e9dita nas pol\u00edticas sociais do Estado"},"content":{"rendered":"\n<p><br><em>Parlamentar ressaltou que a primeira-dama elevou o padr\u00e3o da assist\u00eancia social com a\u00e7\u00f5es justas e voltadas \u00e0s fam\u00edlias mais vulner\u00e1veis<\/em><br><br>Durante a inaugura\u00e7\u00e3o da Escola T\u00e9cnica Estadual de Educa\u00e7\u00e3o Profissional e Tecnol\u00f3gica (Etec) de Juara, na \u00faltima sexta-feira 12.12, o deputado estadual Nininho fez uma s\u00e9rie de elogios \u00e0 primeira-dama Virginia Mendes e ao Governo de Mato Grosso, destacando o que chamou de \u201cuma nova era de desenvolvimento e justi\u00e7a social\u201d no Estado.<br><br>Segundo o parlamentar, a atua\u00e7\u00e3o de Virginia Mendes tem sido essencial para fortalecer a rede de prote\u00e7\u00e3o social e garantir que pol\u00edticas p\u00fablicas cheguem de forma justa \u00e0s fam\u00edlias em situa\u00e7\u00e3o de vulnerabilidade.<br><br>\u201cVirginia Mendes est\u00e1 fazendo uma transforma\u00e7\u00e3o silenciosa, por\u00e9m profunda, em todo o Estado. \u00c9 uma revolu\u00e7\u00e3o social baseada em gest\u00e3o humana, responsabilidade e compromisso com quem mais precisa. Ela atende com justi\u00e7a, ampara quem est\u00e1 mais vulner\u00e1vel e faz o que tem que ser feito. Esse \u00e9 o tipo de lideran\u00e7a que transforma vidas\u201d, afirmou o deputado.<br><br>A presen\u00e7a dos deputados Max Russi e Beto Dois a Um refor\u00e7ou o apoio da Assembleia Legislativa \u00e0s a\u00e7\u00f5es do Governo de Mato Grosso. Ambos acompanharam a agenda e destacaram que a uni\u00e3o entre os Poderes \u00e9 essencial para ampliar resultados e fortalecer as pol\u00edticas sociais conduzidas por Virginia Mendes em todo o Estado.<br><br>Nininho tamb\u00e9m fez quest\u00e3o de elogiar publicamente o governo Mauro Mendes, destacando a capacidade de entrega e a vis\u00e3o de desenvolvimento que t\u00eam levado avan\u00e7os expressivos para todos os munic\u00edpios. A inaugura\u00e7\u00e3o da Etec em Juara, segundo ele, representa mais uma prova do compromisso da gest\u00e3o estadual com educa\u00e7\u00e3o, qualifica\u00e7\u00e3o profissional e oportunidades para os jovens.<br><br>\u201cHoje estamos aqui entregando uma escola de alt\u00edssimo padr\u00e3o, que muitos estados do Brasil gostariam de ter. Isso mostra o cuidado do governo de Mato Grosso com as pessoas, com a juventude e com o futuro do nosso Estado. A educa\u00e7\u00e3o t\u00e9cnica transforma realidades, gera emprego e abre portas. E esse governo tem feito isso em todas as regi\u00f5es, com planejamento e muito trabalho\u201d, declarou.<br><br>O deputado destacou que o alinhamento entre o governador Mauro Mendes, a primeira-dama Virginia Mendes e os secret\u00e1rios t\u00eam permitido que obras e programas sociais avancem simultaneamente, criando um ambiente de desenvolvimento que beneficia desde os grandes centros at\u00e9 os munic\u00edpios mais distantes.<br><br>\u201c\u00c9 um governo que entrega obra, entrega escola, entrega estrada, entrega casa, mas que tamb\u00e9m entrega dignidade. Quando falo do trabalho da Virginia, estou falando de uma gest\u00e3o que olha nos olhos das pessoas, que tem humanidade e que faz a diferen\u00e7a onde realmente importa. Mato Grosso vive seu melhor momento porque tem l\u00edderes comprometidos e uma primeira-dama que colocou o social em outro patamar\u201d, completou Nininho.<\/p>\n","protected":false},"excerpt":{"rendered":"<p>Parlamentar ressaltou que a primeira-dama elevou o padr\u00e3o da assist\u00eancia social com a\u00e7\u00f5es justas e voltadas \u00e0s fam\u00edlias mais vulner\u00e1veis Durante a inaugura\u00e7\u00e3o da Escola T\u00e9cnica Estadual de Educa\u00e7\u00e3o Profissional e Tecnol\u00f3gica (Etec) de Juara, na \u00faltima sexta-feira 12.12, o deputado estadual Nininho fez uma s\u00e9rie de elogios \u00e0 primeira-dama Virginia Mendes e ao Governo [&hellip;]<\/p>\n","protected":false},"author":3,"featured_media":2771,"comment_status":"open","ping_status":"open","sticky":false,"template":"","format":"standard","meta":{"footnotes":""},"categories":[19],"tags":[],"class_list":["post-2788","post","type-post","status-publish","format-standard","has-post-thumbnail","hentry","category-politica"],"_links":{"self":[{"href":"https:\/\/diarionews.com.br\/index.php?rest_route=\/wp\/v2\/posts\/2788","targetHints":{"allow":["GET"]}}],"collection":[{"href":"https:\/\/diarionews.com.br\/index.php?rest_route=\/wp\/v2\/posts"}],"about":[{"href":"https:\/\/diarionews.com.br\/index.php?rest_route=\/wp\/v2\/types\/post"}],"author":[{"embeddable":true,"href":"https:\/\/diarionews.com.br\/index.php?rest_route=\/wp\/v2\/users\/3"}],"replies":[{"embeddable":true,"href":"https:\/\/diarionews.com.br\/index.php?rest_route=%2Fwp%2Fv2%2Fcomments&post=2788"}],"version-history":[{"count":1,"href":"https:\/\/diarionews.com.br\/index.php?rest_route=\/wp\/v2\/posts\/2788\/revisions"}],"predecessor-version":[{"id":2789,"href":"https:\/\/diarionews.com.br\/index.php?rest_route=\/wp\/v2\/posts\/2788\/revisions\/2789"}],"wp:featuredmedia":[{"embeddable":true,"href":"https:\/\/diarionews.com.br\/index.php?rest_route=\/wp\/v2\/media\/2771"}],"wp:attachment":[{"href":"https:\/\/diarionews.com.br\/index.php?rest_route=%2Fwp%2Fv2%2Fmedia&parent=2788"}],"wp:term":[{"taxonomy":"category","embeddable":true,"href":"https:\/\/diarionews.com.br\/index.php?rest_route=%2Fwp%2Fv2%2Fcategories&post=2788"},{"taxonomy":"post_tag","embeddable":true,"href":"https:\/\/diarionews.com.br\/index.php?rest_route=%2Fwp%2Fv2%2Ftags&post=2788"}],"curies":[{"name":"wp","href":"https:\/\/api.w.org\/{rel}","templated":true}]}}