{"id":2778,"date":"2025-12-20T05:20:00","date_gmt":"2025-12-20T09:20:00","guid":{"rendered":"https:\/\/diarionews.com.br\/?p=2778"},"modified":"2025-12-19T14:35:37","modified_gmt":"2025-12-19T18:35:37","slug":"vacina-contra-bronquiolite-ja-esta-disponivel-nas-unidades-de-saude-de-alta-floresta","status":"publish","type":"post","link":"https:\/\/diarionews.com.br\/?p=2778","title":{"rendered":"Vacina contra bronquiolite j\u00e1 est\u00e1 dispon\u00edvel nas unidades de sa\u00fade de Alta Floresta"},"content":{"rendered":"\n<p>Alta Floresta iniciou a aplica\u00e7\u00e3o da vacina contra o V\u00edrus Sincicial Respirat\u00f3rio (VSR), principal causador da bronquiolite em beb\u00eas. O imunizante j\u00e1 est\u00e1 dispon\u00edvel nas Unidades B\u00e1sicas de Sa\u00fade (UBS\u2019s) do munic\u00edpio e \u00e9 destinado \u00e0s gestantes a partir da 28\u00aa semana de gesta\u00e7\u00e3o, com dose \u00fanica, a cada gesta\u00e7\u00e3o.<\/p>\n\n\n\n<p>A vacina\u00e7\u00e3o materna garante prote\u00e7\u00e3o imediata aos rec\u00e9m-nascidos, reduzindo casos graves e hospitaliza\u00e7\u00f5es nos primeiros meses de vida. O VSR \u00e9 respons\u00e1vel por cerca de 75% dos casos de bronquiolite e 40% dos casos de pneumonia em crian\u00e7as menores de dois anos.<\/p>\n\n\n\n<p>Em 2025, at\u00e9 22 de novembro, o Brasil registrou mais de 43 mil casos de S\u00edndrome Respirat\u00f3ria Aguda Grave causados pelo v\u00edrus, sendo 82,5% das hospitaliza\u00e7\u00f5es em crian\u00e7as com menos de dois anos.<\/p>\n\n\n\n<p>A vacina, que antes encontrava-se dispon\u00edvel apenas na rede privada, passa a ser ofertada gratuitamente pelo SUS.<\/p>\n\n\n\n<p>A Secretaria Municipal de Sa\u00fade orienta que as gestantes procurem a UBS refer\u00eancia do seu bairro para se vacinar!<\/p>\n\n\n\n<p>Vacinar-se \u00e9 um ato de cuidado que come\u00e7a antes mesmo&nbsp;do&nbsp;nascimento.<\/p>\n\n\n\n<p>Secretaria de Sa\u00fade<\/p>\n","protected":false},"excerpt":{"rendered":"<p>Alta Floresta iniciou a aplica\u00e7\u00e3o da vacina contra o V\u00edrus Sincicial Respirat\u00f3rio (VSR), principal causador da bronquiolite em beb\u00eas. O imunizante j\u00e1 est\u00e1 dispon\u00edvel nas Unidades B\u00e1sicas de Sa\u00fade (UBS\u2019s) do munic\u00edpio e \u00e9 destinado \u00e0s gestantes a partir da 28\u00aa semana de gesta\u00e7\u00e3o, com dose \u00fanica, a cada gesta\u00e7\u00e3o. A vacina\u00e7\u00e3o materna garante prote\u00e7\u00e3o [&hellip;]<\/p>\n","protected":false},"author":3,"featured_media":2756,"comment_status":"open","ping_status":"open","sticky":false,"template":"","format":"standard","meta":{"footnotes":""},"categories":[2],"tags":[],"class_list":["post-2778","post","type-post","status-publish","format-standard","has-post-thumbnail","hentry","category-saude"],"_links":{"self":[{"href":"https:\/\/diarionews.com.br\/index.php?rest_route=\/wp\/v2\/posts\/2778","targetHints":{"allow":["GET"]}}],"collection":[{"href":"https:\/\/diarionews.com.br\/index.php?rest_route=\/wp\/v2\/posts"}],"about":[{"href":"https:\/\/diarionews.com.br\/index.php?rest_route=\/wp\/v2\/types\/post"}],"author":[{"embeddable":true,"href":"https:\/\/diarionews.com.br\/index.php?rest_route=\/wp\/v2\/users\/3"}],"replies":[{"embeddable":true,"href":"https:\/\/diarionews.com.br\/index.php?rest_route=%2Fwp%2Fv2%2Fcomments&post=2778"}],"version-history":[{"count":1,"href":"https:\/\/diarionews.com.br\/index.php?rest_route=\/wp\/v2\/posts\/2778\/revisions"}],"predecessor-version":[{"id":2779,"href":"https:\/\/diarionews.com.br\/index.php?rest_route=\/wp\/v2\/posts\/2778\/revisions\/2779"}],"wp:featuredmedia":[{"embeddable":true,"href":"https:\/\/diarionews.com.br\/index.php?rest_route=\/wp\/v2\/media\/2756"}],"wp:attachment":[{"href":"https:\/\/diarionews.com.br\/index.php?rest_route=%2Fwp%2Fv2%2Fmedia&parent=2778"}],"wp:term":[{"taxonomy":"category","embeddable":true,"href":"https:\/\/diarionews.com.br\/index.php?rest_route=%2Fwp%2Fv2%2Fcategories&post=2778"},{"taxonomy":"post_tag","embeddable":true,"href":"https:\/\/diarionews.com.br\/index.php?rest_route=%2Fwp%2Fv2%2Ftags&post=2778"}],"curies":[{"name":"wp","href":"https:\/\/api.w.org\/{rel}","templated":true}]}}