{"id":2743,"date":"2025-12-19T14:21:09","date_gmt":"2025-12-19T18:21:09","guid":{"rendered":"https:\/\/diarionews.com.br\/?p=2743"},"modified":"2025-12-19T14:21:10","modified_gmt":"2025-12-19T18:21:10","slug":"alta-floresta-registra-mais-de-1-523-atendimentos-e-amplia-o-cuidado-com-a-saude-do-homem","status":"publish","type":"post","link":"https:\/\/diarionews.com.br\/?p=2743","title":{"rendered":"Alta Floresta registra mais de 1.523 atendimentos e amplia o cuidado com a sa\u00fade do homem"},"content":{"rendered":"\n<p>As a\u00e7\u00f5es realizadas pela Secretaria Municipal de Sa\u00fade de Alta Floresta durante o Novembro Azul 2025 consolidaram um m\u00eas inteiro de mobiliza\u00e7\u00e3o, di\u00e1logo e cuidado voltado \u00e0 sa\u00fade masculina. O per\u00edodo, tradicionalmente dedicado \u00e0 preven\u00e7\u00e3o e ao diagn\u00f3stico precoce do c\u00e2ncer de pr\u00f3stata, ganhou for\u00e7a no munic\u00edpio com iniciativas que aproximaram a popula\u00e7\u00e3o dos servi\u00e7os de sa\u00fade e ampliaram o acesso \u00e0 informa\u00e7\u00e3o.<\/p>\n\n\n\n<p>Durante todo o m\u00eas de novembro, dedicado nacionalmente \u00e0 sa\u00fade masculina e \u00e0 conscientiza\u00e7\u00e3o sobre o c\u00e2ncer de pr\u00f3stata, o Departamento de Aten\u00e7\u00e3o B\u00e1sica desenvolveu uma agenda intensa voltada ao p\u00fablico masculino. Palestras, rodas de conversa em empresas e reparti\u00e7\u00f5es p\u00fablicas e a\u00e7\u00f5es educativas levaram esclarecimentos essenciais sobre preven\u00e7\u00e3o, sintomas e a import\u00e2ncia do diagn\u00f3stico precoce.<\/p>\n\n\n\n<p>Um dos destaques foi a realiza\u00e7\u00e3o do Dia D da Sa\u00fade do Homem, promovido nos dias 12 e 19 de novembro, com atendimentos ampliados para o per\u00edodo noturno. A estrat\u00e9gia buscou oferecer acesso fora do hor\u00e1rio comercial, favorecendo trabalhadores que normalmente n\u00e3o conseguem comparecer \u00e0s unidades durante o expediente.<\/p>\n\n\n\n<p>Os n\u00fameros refletem o alcance da iniciativa:<br>* 237 consultas m\u00e9dicas<br>* 237 consultas enfermagem<br>* 230 exames de PSA<br>* 159 avalia\u00e7\u00f5es odontol\u00f3gicas<br>* 612 testes r\u00e1pidos para HIV, s\u00edfilis e hepatites B e C<br>* 48 aplica\u00e7\u00f5es de vacinas<\/p>\n\n\n\n<p><br>Somados, esses servi\u00e7os totalizam 1.523 atendimentos individuais apenas no Dia D. Al\u00e9m disso, foram realizadas 23 atividades coletivas entre palestras e participa\u00e7\u00f5es ao vivo em r\u00e1dio e TV, alcan\u00e7ando um p\u00fablico estimado em 6 mil pessoas.<\/p>\n\n\n\n<p>O assessor de Aten\u00e7\u00e3o B\u00e1sica, Claudiomiro Vieira, refor\u00e7a que os homens que n\u00e3o conseguiram participar das a\u00e7\u00f5es do Dia D continuam tendo acesso ao atendimento nas unidades de sa\u00fade. \u201cTodas as unidades mant\u00eam semanalmente o Dia da Sa\u00fade do Homem, ao longo de todo o ano, em hor\u00e1rio comercial. A preven\u00e7\u00e3o \u00e9 cont\u00ednua\u201d, destaca.<\/p>\n\n\n\n<p>O secret\u00e1rio municipal de Sa\u00fade, Marcelo de Al\u00e9cio Costa, celebrou os resultados e parabenizou tanto os servidores quanto a popula\u00e7\u00e3o. \u201cA ades\u00e3o da comunidade mostra que estamos avan\u00e7ando na conscientiza\u00e7\u00e3o. Novembro Azul \u00e9 mais que uma campanha: \u00e9 um cuidado que&nbsp;salva&nbsp;vidas.\u201d<\/p>\n\n\n\n<p>Marcelo Carvalho<\/p>\n\n\n\n<p>Prefeitura de Alta Floresta<\/p>\n","protected":false},"excerpt":{"rendered":"<p>As a\u00e7\u00f5es realizadas pela Secretaria Municipal de Sa\u00fade de Alta Floresta durante o Novembro Azul 2025 consolidaram um m\u00eas inteiro de mobiliza\u00e7\u00e3o, di\u00e1logo e cuidado voltado \u00e0 sa\u00fade masculina. O per\u00edodo, tradicionalmente dedicado \u00e0 preven\u00e7\u00e3o e ao diagn\u00f3stico precoce do c\u00e2ncer de pr\u00f3stata, ganhou for\u00e7a no munic\u00edpio com iniciativas que aproximaram a popula\u00e7\u00e3o dos servi\u00e7os [&hellip;]<\/p>\n","protected":false},"author":3,"featured_media":2726,"comment_status":"open","ping_status":"open","sticky":false,"template":"","format":"standard","meta":{"footnotes":""},"categories":[2],"tags":[],"class_list":["post-2743","post","type-post","status-publish","format-standard","has-post-thumbnail","hentry","category-saude"],"_links":{"self":[{"href":"https:\/\/diarionews.com.br\/index.php?rest_route=\/wp\/v2\/posts\/2743","targetHints":{"allow":["GET"]}}],"collection":[{"href":"https:\/\/diarionews.com.br\/index.php?rest_route=\/wp\/v2\/posts"}],"about":[{"href":"https:\/\/diarionews.com.br\/index.php?rest_route=\/wp\/v2\/types\/post"}],"author":[{"embeddable":true,"href":"https:\/\/diarionews.com.br\/index.php?rest_route=\/wp\/v2\/users\/3"}],"replies":[{"embeddable":true,"href":"https:\/\/diarionews.com.br\/index.php?rest_route=%2Fwp%2Fv2%2Fcomments&post=2743"}],"version-history":[{"count":1,"href":"https:\/\/diarionews.com.br\/index.php?rest_route=\/wp\/v2\/posts\/2743\/revisions"}],"predecessor-version":[{"id":2744,"href":"https:\/\/diarionews.com.br\/index.php?rest_route=\/wp\/v2\/posts\/2743\/revisions\/2744"}],"wp:featuredmedia":[{"embeddable":true,"href":"https:\/\/diarionews.com.br\/index.php?rest_route=\/wp\/v2\/media\/2726"}],"wp:attachment":[{"href":"https:\/\/diarionews.com.br\/index.php?rest_route=%2Fwp%2Fv2%2Fmedia&parent=2743"}],"wp:term":[{"taxonomy":"category","embeddable":true,"href":"https:\/\/diarionews.com.br\/index.php?rest_route=%2Fwp%2Fv2%2Fcategories&post=2743"},{"taxonomy":"post_tag","embeddable":true,"href":"https:\/\/diarionews.com.br\/index.php?rest_route=%2Fwp%2Fv2%2Ftags&post=2743"}],"curies":[{"name":"wp","href":"https:\/\/api.w.org\/{rel}","templated":true}]}}