{"id":2741,"date":"2025-12-19T14:20:43","date_gmt":"2025-12-19T18:20:43","guid":{"rendered":"https:\/\/diarionews.com.br\/?p=2741"},"modified":"2025-12-19T14:36:29","modified_gmt":"2025-12-19T18:36:29","slug":"matupa-celebra-acoes-de-2025-com-festa-especial-para-idosos-criancas-e-familias","status":"publish","type":"post","link":"https:\/\/diarionews.com.br\/?p=2741","title":{"rendered":"Matup\u00e1 celebra a\u00e7\u00f5es de 2025 com festa especial para idosos, crian\u00e7as e fam\u00edlias"},"content":{"rendered":"\n<p>Durante a manh\u00e3, os idosos atendidos pela secretaria participaram de uma programa\u00e7\u00e3o repleta de cuidado e acolhimento, marcada tamb\u00e9m pela presen\u00e7a dos padrinhos que levaram lembran\u00e7as de Natal a cada participante. O evento refor\u00e7ou a gratid\u00e3o da equipe do CRAS e dos servi\u00e7os de conviv\u00eancia, que trabalharam durante todo o ano com dedica\u00e7\u00e3o e carinho para oferecer o melhor aos idosos do munic\u00edpio.<\/p>\n\n\n\n<p>\u00c0 noite, a celebra\u00e7\u00e3o continua com atividades voltadas \u00e0s crian\u00e7as e \u00e0s fam\u00edlias acompanhadas pela Assist\u00eancia Social. A gest\u00e3o municipal, representada pelo prefeito Bruno Mena, pelo vice-prefeito Celso Sorgato e pela secret\u00e1ria Juliana Carbonera, destacou a import\u00e2ncia do fortalecimento dos v\u00ednculos familiares e sociais, agradecendo a parceria das fam\u00edlias, dos padrinhos e de toda a equipe da Assist\u00eancia Social. A entrega das lembrancinhas de Natal simboliza mais um gesto de cuidado e compromisso com a qualidade de vida da popula\u00e7\u00e3o atendida.<\/p>\n\n\n\n<p>Assessoria<\/p>\n","protected":false},"excerpt":{"rendered":"<p>Durante a manh\u00e3, os idosos atendidos pela secretaria participaram de uma programa\u00e7\u00e3o repleta de cuidado e acolhimento, marcada tamb\u00e9m pela presen\u00e7a dos padrinhos que levaram lembran\u00e7as de Natal a cada participante. O evento refor\u00e7ou a gratid\u00e3o da equipe do CRAS e dos servi\u00e7os de conviv\u00eancia, que trabalharam durante todo o ano com dedica\u00e7\u00e3o e carinho [&hellip;]<\/p>\n","protected":false},"author":3,"featured_media":2724,"comment_status":"open","ping_status":"open","sticky":false,"template":"","format":"standard","meta":{"footnotes":""},"categories":[21],"tags":[],"class_list":["post-2741","post","type-post","status-publish","format-standard","has-post-thumbnail","hentry","category-regiao"],"_links":{"self":[{"href":"https:\/\/diarionews.com.br\/index.php?rest_route=\/wp\/v2\/posts\/2741","targetHints":{"allow":["GET"]}}],"collection":[{"href":"https:\/\/diarionews.com.br\/index.php?rest_route=\/wp\/v2\/posts"}],"about":[{"href":"https:\/\/diarionews.com.br\/index.php?rest_route=\/wp\/v2\/types\/post"}],"author":[{"embeddable":true,"href":"https:\/\/diarionews.com.br\/index.php?rest_route=\/wp\/v2\/users\/3"}],"replies":[{"embeddable":true,"href":"https:\/\/diarionews.com.br\/index.php?rest_route=%2Fwp%2Fv2%2Fcomments&post=2741"}],"version-history":[{"count":1,"href":"https:\/\/diarionews.com.br\/index.php?rest_route=\/wp\/v2\/posts\/2741\/revisions"}],"predecessor-version":[{"id":2742,"href":"https:\/\/diarionews.com.br\/index.php?rest_route=\/wp\/v2\/posts\/2741\/revisions\/2742"}],"wp:featuredmedia":[{"embeddable":true,"href":"https:\/\/diarionews.com.br\/index.php?rest_route=\/wp\/v2\/media\/2724"}],"wp:attachment":[{"href":"https:\/\/diarionews.com.br\/index.php?rest_route=%2Fwp%2Fv2%2Fmedia&parent=2741"}],"wp:term":[{"taxonomy":"category","embeddable":true,"href":"https:\/\/diarionews.com.br\/index.php?rest_route=%2Fwp%2Fv2%2Fcategories&post=2741"},{"taxonomy":"post_tag","embeddable":true,"href":"https:\/\/diarionews.com.br\/index.php?rest_route=%2Fwp%2Fv2%2Ftags&post=2741"}],"curies":[{"name":"wp","href":"https:\/\/api.w.org\/{rel}","templated":true}]}}