{"id":2739,"date":"2025-12-19T14:20:20","date_gmt":"2025-12-19T18:20:20","guid":{"rendered":"https:\/\/diarionews.com.br\/?p=2739"},"modified":"2025-12-19T14:20:21","modified_gmt":"2025-12-19T18:20:21","slug":"em-uma-noite-de-emocao-a-escola-municipal-cristo-redentor-celebra-a-formatura-do-pre-ii","status":"publish","type":"post","link":"https:\/\/diarionews.com.br\/?p=2739","title":{"rendered":"Em uma noite de emo\u00e7\u00e3o, a Escola Municipal Cristo Redentor Celebra a Formatura do Pr\u00e9 II"},"content":{"rendered":"\n<p>A comunidade Santa Marta viveu um momento especial nesta quarta-feira, 10 de dezembro. A Escola Cristo Redentor realizou a emocionante cerim\u00f4nia de formatura dos alunos do Pr\u00e9 II, celebrando um dos passos mais importantes na vida educacional das crian\u00e7as que estudam no Assentamento S\u00e3o Pedro.<\/p>\n\n\n\n<p>Foram 11 pequenos formandos, cada um recebendo o seu primeiro certificado, s\u00edmbolo dos muitos caminhos de aprendizado e conquistas que ainda vir\u00e3o. Entre sorrisos, olhares orgulhosos e a alegria das fam\u00edlias, a noite se transformou em um cap\u00edtulo inesquec\u00edvel para todos.<\/p>\n\n\n\n<p>A solenidade contou com a presen\u00e7a do Prefeito Municipal Osmar Moreira, da Secret\u00e1ria de Educa\u00e7\u00e3o Eliane Zanette, e dos vereadores Fernando de Oliveira dos Santos e Jos\u00e9 Domingo Nunes (Biro), que participaram da entrega dos certificados, celebrando lado a lado com a comunidade mais esse avan\u00e7o na educa\u00e7\u00e3o rural.<\/p>\n\n\n\n<p>Ao final, o diretor da escola, Professor Ildo Oliveira da Silva, deixou uma mensagem de gratid\u00e3o a todos os presentes e parabenizou as crian\u00e7as por essa t\u00e3o significativa conquista. Para ele, cada formando representa esperan\u00e7a, esfor\u00e7o e o compromisso da educa\u00e7\u00e3o em transformar vidas.<\/p>\n\n\n\n<p>Prefeito Osmar Moreira parabenizou a todo o corpo docente pelo grande empenho no cuidado e na miss\u00e3o de educar as crian\u00e7as que s\u00e3o reflexo de um futuro promissor. O Gestor fez quest\u00e3o de enaltecer o Assentamento S\u00e3o Pedro, tendo em vista o setor produtivo, falou de projetos e investimentos que hora vem sendo realizados, e que em breve estar\u00e3o beneficiando a comunidade de modo geral, bem como pontuou sobre sua busca constante junto ao Legislativo municipal e Governo do Estado para o novo ano que se aproxima.<\/p>\n\n\n\n<p>Os Vereadores Fernado Oliveira (Vice-presidente da casa de Leis), e Jos\u00e9 Domingos (Biro), enfatizaram sobre a trajet\u00f3ria das fam\u00edlias do Assentamento, e do quanto est\u00e3o orgulhosos pelo trabalho dedicado aos cidad\u00e3os que ali vivem. Reafirmando o compromisso de estar lado a lado com o Executivo para ofertar cada dia o melhor para a sociedade, em especial \u00e0s crian\u00e7as que s\u00e3o reflexo de uma sociedade melhor atrav\u00e9s da Educa\u00e7\u00e3o.<\/p>\n\n\n\n<p>A Secret\u00e1ria de Educa\u00e7\u00e3o, Eliane Zanette, destacou a emo\u00e7\u00e3o de acompanhar a primeira grande conquista dos pequenos formandos. Em sua fala, ela ressaltou que cada certificado entregue representa um sonho que come\u00e7a a ganhar forma, e refor\u00e7ou o compromisso da educa\u00e7\u00e3o municipal em apoiar cada etapa da vida escolar das crian\u00e7as. A gestora educacional agradeceu \u00e0s fam\u00edlias pela confian\u00e7a e \u00e0 equipe da Escola Cristo Redentor pelo trabalho dedicado, afirmando que momentos como este mostram o quanto a educa\u00e7\u00e3o transforma vidas e fortalece o futuro de Parana\u00edta.<\/p>\n\n\n\n<p>Assessoria Facebook prefeitura<\/p>\n","protected":false},"excerpt":{"rendered":"<p>A comunidade Santa Marta viveu um momento especial nesta quarta-feira, 10 de dezembro. A Escola Cristo Redentor realizou a emocionante cerim\u00f4nia de formatura dos alunos do Pr\u00e9 II, celebrando um dos passos mais importantes na vida educacional das crian\u00e7as que estudam no Assentamento S\u00e3o Pedro. Foram 11 pequenos formandos, cada um recebendo o seu primeiro [&hellip;]<\/p>\n","protected":false},"author":3,"featured_media":2722,"comment_status":"open","ping_status":"open","sticky":false,"template":"","format":"standard","meta":{"footnotes":""},"categories":[21],"tags":[],"class_list":["post-2739","post","type-post","status-publish","format-standard","has-post-thumbnail","hentry","category-regiao"],"_links":{"self":[{"href":"https:\/\/diarionews.com.br\/index.php?rest_route=\/wp\/v2\/posts\/2739","targetHints":{"allow":["GET"]}}],"collection":[{"href":"https:\/\/diarionews.com.br\/index.php?rest_route=\/wp\/v2\/posts"}],"about":[{"href":"https:\/\/diarionews.com.br\/index.php?rest_route=\/wp\/v2\/types\/post"}],"author":[{"embeddable":true,"href":"https:\/\/diarionews.com.br\/index.php?rest_route=\/wp\/v2\/users\/3"}],"replies":[{"embeddable":true,"href":"https:\/\/diarionews.com.br\/index.php?rest_route=%2Fwp%2Fv2%2Fcomments&post=2739"}],"version-history":[{"count":1,"href":"https:\/\/diarionews.com.br\/index.php?rest_route=\/wp\/v2\/posts\/2739\/revisions"}],"predecessor-version":[{"id":2740,"href":"https:\/\/diarionews.com.br\/index.php?rest_route=\/wp\/v2\/posts\/2739\/revisions\/2740"}],"wp:featuredmedia":[{"embeddable":true,"href":"https:\/\/diarionews.com.br\/index.php?rest_route=\/wp\/v2\/media\/2722"}],"wp:attachment":[{"href":"https:\/\/diarionews.com.br\/index.php?rest_route=%2Fwp%2Fv2%2Fmedia&parent=2739"}],"wp:term":[{"taxonomy":"category","embeddable":true,"href":"https:\/\/diarionews.com.br\/index.php?rest_route=%2Fwp%2Fv2%2Fcategories&post=2739"},{"taxonomy":"post_tag","embeddable":true,"href":"https:\/\/diarionews.com.br\/index.php?rest_route=%2Fwp%2Fv2%2Ftags&post=2739"}],"curies":[{"name":"wp","href":"https:\/\/api.w.org\/{rel}","templated":true}]}}