{"id":2737,"date":"2025-12-19T14:19:53","date_gmt":"2025-12-19T18:19:53","guid":{"rendered":"https:\/\/diarionews.com.br\/?p=2737"},"modified":"2025-12-19T14:19:53","modified_gmt":"2025-12-19T18:19:53","slug":"mato-grosso-retirou-309-mil-pessoas-da-pobreza-desde-2019","status":"publish","type":"post","link":"https:\/\/diarionews.com.br\/?p=2737","title":{"rendered":"Mato Grosso retirou 309 mil pessoas da pobreza desde 2019"},"content":{"rendered":"\n<p>Estado tem uma das menores taxas do pa\u00eds e melhora indicadores sociais com responsabilidade fiscal<\/p>\n\n\n\n<p>Mato Grosso registrou uma redu\u00e7\u00e3o expressiva da pobreza desde 2019. Estudo do Instituto Jones dos Santos Neves (IJSN), elaborado com base nos dados da Pesquisa Nacional por Amostra de Domic\u00edlios Cont\u00ednua (PNAD Cont\u00ednua), do Instituto Brasileiro de Geografia e Estat\u00edstica (IBGE), apontou que cerca de 309 mil pessoas deixaram a condi\u00e7\u00e3o de pobreza no Estado ao longo do per\u00edodo.<\/p>\n\n\n\n<p>\u201cDesde o in\u00edcio da nossa gest\u00e3o, n\u00f3s colocamos as contas do Estado no azul e passamos a investir de forma firme em \u00e1reas que fazem diferen\u00e7a na vida das pessoas como sa\u00fade, educa\u00e7\u00e3o, infraestrutura e assist\u00eancia social. O resultado est\u00e1 a\u00ed, mais de 300 mil mato-grossenses deixaram a condi\u00e7\u00e3o de pobreza. \u00c9 isso que buscamos todos os dias, um Estado equilibrado que gere oportunidades e melhore a realidade da popula\u00e7\u00e3o\u201d, afirmou o governador Mauro Mendes.<\/p>\n\n\n\n<p>De acordo com a an\u00e1lise do instituto, em 2019, Mato Grosso contava com cerca de 792 mil pessoas vivendo abaixo da linha da pobreza, o equivalente a 23,1% da popula\u00e7\u00e3o. Em 2024, esse n\u00famero caiu para cerca de 484 mil pessoas, com taxa de 13,3%, posicionando o Estado entre aqueles com menor propor\u00e7\u00e3o de pessoas pobres no pa\u00eds.<\/p>\n\n\n\n<p>Na extrema pobreza, a redu\u00e7\u00e3o tamb\u00e9m foi significativa. Em 2019, o Estado registrava cerca de 97 mil pessoas nessa condi\u00e7\u00e3o, o que representava 2,8% da popula\u00e7\u00e3o. Em 2024, o total caiu para aproximadamente 59 mil pessoas, com taxa de 1,6%, \u00edndice inferior \u00e0 m\u00e9dia nacional, que \u00e9 de 3,5%.<\/p>\n\n\n\n<p>Atualmente, Mato Grosso est\u00e1 entre os estados com melhor desempenho social do Brasil. A taxa de pobreza estadual est\u00e1 bem abaixo da m\u00e9dia nacional, que, em 2024, foi de 23,4%, enquanto a extrema pobreza tamb\u00e9m apresenta percentual inferior ao registrado no pa\u00eds como um todo.<\/p>\n\n\n\n<p>Para o secret\u00e1rio de Estado de Fazenda, Rog\u00e9rio Gallo, os n\u00fameros demonstram como o ajuste fiscal, controle de gastos e aumento da capacidade de investimento impactam diretamente a vida da popula\u00e7\u00e3o.<\/p>\n\n\n\n<p>\u201cQuando a atual gest\u00e3o come\u00e7ou, Mato Grosso tinha uma situa\u00e7\u00e3o fiscal muito delicada. A partir do ajuste das contas, do controle das despesas e da retomada da capacidade de investimento, o Estado conseguiu reduzir a pobreza em cerca de 309 mil pessoas desde 2019. Isso mostra que disciplina fiscal gera impacto social real\u201d, afirmou Gallo.<\/p>\n\n\n\n<p>De acordo com Gallo, a melhoria dos indicadores sociais foi sustentada por um trip\u00e9: controle de despesas, redu\u00e7\u00e3o do endividamento e fortalecimento da arrecada\u00e7\u00e3o pr\u00f3pria.<\/p>\n\n\n\n<p>\u201cEsses fatores abriram espa\u00e7o para ampliar os investimentos p\u00fablicos em \u00e1reas essenciais como sa\u00fade, educa\u00e7\u00e3o, seguran\u00e7a, assist\u00eancia social e infraestrutura. Os investimentos ajudaram a gerar emprego, ampliar a renda e melhorar a qualidade de vida, especialmente nos munic\u00edpios do interior\u201d, finalizou.<\/p>\n\n\n\n<p>Noelisa Andreola&nbsp;|&nbsp;Sefaz-MT<\/p>\n","protected":false},"excerpt":{"rendered":"<p>Estado tem uma das menores taxas do pa\u00eds e melhora indicadores sociais com responsabilidade fiscal Mato Grosso registrou uma redu\u00e7\u00e3o expressiva da pobreza desde 2019. Estudo do Instituto Jones dos Santos Neves (IJSN), elaborado com base nos dados da Pesquisa Nacional por Amostra de Domic\u00edlios Cont\u00ednua (PNAD Cont\u00ednua), do Instituto Brasileiro de Geografia e Estat\u00edstica [&hellip;]<\/p>\n","protected":false},"author":3,"featured_media":2716,"comment_status":"open","ping_status":"open","sticky":false,"template":"","format":"standard","meta":{"footnotes":""},"categories":[18],"tags":[],"class_list":["post-2737","post","type-post","status-publish","format-standard","has-post-thumbnail","hentry","category-estaduais"],"_links":{"self":[{"href":"https:\/\/diarionews.com.br\/index.php?rest_route=\/wp\/v2\/posts\/2737","targetHints":{"allow":["GET"]}}],"collection":[{"href":"https:\/\/diarionews.com.br\/index.php?rest_route=\/wp\/v2\/posts"}],"about":[{"href":"https:\/\/diarionews.com.br\/index.php?rest_route=\/wp\/v2\/types\/post"}],"author":[{"embeddable":true,"href":"https:\/\/diarionews.com.br\/index.php?rest_route=\/wp\/v2\/users\/3"}],"replies":[{"embeddable":true,"href":"https:\/\/diarionews.com.br\/index.php?rest_route=%2Fwp%2Fv2%2Fcomments&post=2737"}],"version-history":[{"count":1,"href":"https:\/\/diarionews.com.br\/index.php?rest_route=\/wp\/v2\/posts\/2737\/revisions"}],"predecessor-version":[{"id":2738,"href":"https:\/\/diarionews.com.br\/index.php?rest_route=\/wp\/v2\/posts\/2737\/revisions\/2738"}],"wp:featuredmedia":[{"embeddable":true,"href":"https:\/\/diarionews.com.br\/index.php?rest_route=\/wp\/v2\/media\/2716"}],"wp:attachment":[{"href":"https:\/\/diarionews.com.br\/index.php?rest_route=%2Fwp%2Fv2%2Fmedia&parent=2737"}],"wp:term":[{"taxonomy":"category","embeddable":true,"href":"https:\/\/diarionews.com.br\/index.php?rest_route=%2Fwp%2Fv2%2Fcategories&post=2737"},{"taxonomy":"post_tag","embeddable":true,"href":"https:\/\/diarionews.com.br\/index.php?rest_route=%2Fwp%2Fv2%2Ftags&post=2737"}],"curies":[{"name":"wp","href":"https:\/\/api.w.org\/{rel}","templated":true}]}}