{"id":2688,"date":"2025-12-19T16:18:00","date_gmt":"2025-12-19T20:18:00","guid":{"rendered":"https:\/\/diarionews.com.br\/?p=2688"},"modified":"2025-12-19T06:20:59","modified_gmt":"2025-12-19T10:20:59","slug":"governo-de-mt-divulga-feriados-e-pontos-facultativos-de-2026","status":"publish","type":"post","link":"https:\/\/diarionews.com.br\/?p=2688","title":{"rendered":"Governo de MT divulga feriados e pontos facultativos de 2026"},"content":{"rendered":"\n<p>O Governo de Mato Grosso publicou no Di\u00e1rio Oficial do Estado o&nbsp;<a href=\"https:\/\/www.secom.mt.gov.br\/documents\/d\/mt\/diario_oficial_2025-12-18_feriados-2026\" target=\"_blank\" rel=\"noopener\">Decreto n\u00ba 1.787<\/a>, de 17 de dezembro de 2025, que estabelece o calend\u00e1rio de feriados nacionais, estaduais e pontos facultativos a serem observados em 2026 nas reparti\u00e7\u00f5es p\u00fablicas da Administra\u00e7\u00e3o Direta, aut\u00e1rquica e fundacional do Poder Executivo Estadual.<\/p>\n\n\n\n<p>De acordo com o decreto, o calend\u00e1rio tem como objetivo orientar o funcionamento dos \u00f3rg\u00e3os p\u00fablicos ao longo do ano, sem preju\u00edzo da presta\u00e7\u00e3o dos servi\u00e7os considerados essenciais, cuja continuidade dever\u00e1 ser garantida pelos gestores de cada \u00e1rea.<\/p>\n\n\n\n<p>O decreto tamb\u00e9m ressalta que feriados municipais, conforme previsto na Lei Federal n\u00ba 9.093\/1995, dever\u00e3o ser observados nas respectivas localidades onde houver reparti\u00e7\u00f5es estaduais.<\/p>\n\n\n\n<p>A norma entrou em vigor na data de sua publica\u00e7\u00e3o, 18 de dezembro, e cabe aos dirigentes dos \u00f3rg\u00e3os e entidades estaduais assegurar a organiza\u00e7\u00e3o das escalas de trabalho, garantindo o funcionamento dos servi\u00e7os essenciais durante feriados e pontos facultativos.<\/p>\n\n\n\n<p>Confira abaixo o calend\u00e1rio da Administra\u00e7\u00e3o P\u00fablica estadual de 2026:<br>I &#8211; 1\u00ba de janeiro (quinta-feira) \u2013 Confraterniza\u00e7\u00e3o Universal (feriado nacional)<br>II &#8211; 2 de janeiro (sexta-feira) \u2013 Ponto facultativo<br>III &#8211; 16 de fevereiro (segunda-feira) \u2013 Carnaval (ponto facultativo)<br>IV &#8211; 17 de fevereiro (ter\u00e7a-feira) \u2013 Carnaval (ponto facultativo)<br>V &#8211; 18 de fevereiro (quarta-feira) \u2013 Quarta-feira de Cinzas (ponto facultativo at\u00e9 \u00e0s 14h)<br>VI &#8211; 3 de abril (sexta-feira) \u2013 Paix\u00e3o de Cristo (feriado nacional)<br>VII &#8211; 21 de abril (ter\u00e7a-feira) \u2013 Tiradentes (feriado nacional)<br>VIII &#8211; 1\u00ba de maio (sexta-feira) \u2013 Dia Mundial do Trabalhador (feriado nacional)<br>IX &#8211; 4 de junho (quinta-feira) \u2013 Corpus Christi (ponto facultativo)<br>X &#8211; 5 de junho (sexta-feira) \u2013 Ponto facultativo<br>XI &#8211; 7 de setembro (segunda-feira) \u2013 Independ\u00eancia do Brasil (feriado nacional)<br>XII &#8211; 12 de outubro (segunda-feira) \u2013 Nossa Senhora Aparecida (feriado nacional)<br>XIII &#8211; 28 de outubro (quarta-feira) \u2013 Dia do Servidor P\u00fablico (ponto facultativo)<br>XIV &#8211; 2 de novembro (segunda-feira) \u2013 Finados (feriado nacional)<br>XV &#8211; 15 de novembro (domingo) \u2013 Proclama\u00e7\u00e3o da Rep\u00fablica (feriado nacional)<br>XVI &#8211; 20 de novembro (sexta-feira) \u2013 Dia da Consci\u00eancia Negra (feriado nacional)<br>XVII &#8211; 24 de dezembro (quinta-feira) \u2013 V\u00e9spera de Natal (ponto facultativo)<br>XVIII &#8211; 25 de dezembro (sexta-feira) \u2013 Natal (feriado nacional)<br>XIX &#8211; 31 de dezembro (quinta-feira) \u2013 V\u00e9spera de Ano-Novo (ponto facultativo)<br><br>Secom MT<\/p>\n","protected":false},"excerpt":{"rendered":"<p>O Governo de Mato Grosso publicou no Di\u00e1rio Oficial do Estado o&nbsp;Decreto n\u00ba 1.787, de 17 de dezembro de 2025, que estabelece o calend\u00e1rio de feriados nacionais, estaduais e pontos facultativos a serem observados em 2026 nas reparti\u00e7\u00f5es p\u00fablicas da Administra\u00e7\u00e3o Direta, aut\u00e1rquica e fundacional do Poder Executivo Estadual. De acordo com o decreto, o [&hellip;]<\/p>\n","protected":false},"author":1,"featured_media":2689,"comment_status":"open","ping_status":"open","sticky":false,"template":"","format":"standard","meta":{"footnotes":""},"categories":[18],"tags":[956],"class_list":["post-2688","post","type-post","status-publish","format-standard","has-post-thumbnail","hentry","category-estaduais","tag-importante"],"_links":{"self":[{"href":"https:\/\/diarionews.com.br\/index.php?rest_route=\/wp\/v2\/posts\/2688","targetHints":{"allow":["GET"]}}],"collection":[{"href":"https:\/\/diarionews.com.br\/index.php?rest_route=\/wp\/v2\/posts"}],"about":[{"href":"https:\/\/diarionews.com.br\/index.php?rest_route=\/wp\/v2\/types\/post"}],"author":[{"embeddable":true,"href":"https:\/\/diarionews.com.br\/index.php?rest_route=\/wp\/v2\/users\/1"}],"replies":[{"embeddable":true,"href":"https:\/\/diarionews.com.br\/index.php?rest_route=%2Fwp%2Fv2%2Fcomments&post=2688"}],"version-history":[{"count":1,"href":"https:\/\/diarionews.com.br\/index.php?rest_route=\/wp\/v2\/posts\/2688\/revisions"}],"predecessor-version":[{"id":2690,"href":"https:\/\/diarionews.com.br\/index.php?rest_route=\/wp\/v2\/posts\/2688\/revisions\/2690"}],"wp:featuredmedia":[{"embeddable":true,"href":"https:\/\/diarionews.com.br\/index.php?rest_route=\/wp\/v2\/media\/2689"}],"wp:attachment":[{"href":"https:\/\/diarionews.com.br\/index.php?rest_route=%2Fwp%2Fv2%2Fmedia&parent=2688"}],"wp:term":[{"taxonomy":"category","embeddable":true,"href":"https:\/\/diarionews.com.br\/index.php?rest_route=%2Fwp%2Fv2%2Fcategories&post=2688"},{"taxonomy":"post_tag","embeddable":true,"href":"https:\/\/diarionews.com.br\/index.php?rest_route=%2Fwp%2Fv2%2Ftags&post=2688"}],"curies":[{"name":"wp","href":"https:\/\/api.w.org\/{rel}","templated":true}]}}